{"id":1139,"date":"2016-03-31T16:24:38","date_gmt":"2016-03-31T19:24:38","guid":{"rendered":"http:\/\/adepepe.com.br\/site\/?p=1139"},"modified":"2016-10-25T17:05:40","modified_gmt":"2016-10-25T20:05:40","slug":"almoco-de-pascoa-na-adepepe","status":"publish","type":"post","link":"https:\/\/adepepe.org\/site\/almoco-de-pascoa-na-adepepe\/","title":{"rendered":"Almo\u00e7o de P\u00e1scoa na ADEPEPE"},"content":{"rendered":"<p>Mais um almo\u00e7o enche de alegria a ADEPEPE. Nesta quinta-feira (31), foi celebrada a P\u00e1scoa dos Defensores em Pernambuco. Confira algumas fotos do evento, que ocorreu na sede da entidade, na Ilha do Leite.<\/p>\n\n\t\t<style type=\"text\/css\">\n\t\t\t#gallery-1 {\n\t\t\t\tmargin: auto;\n\t\t\t}\n\t\t\t#gallery-1 .gallery-item {\n\t\t\t\tfloat: left;\n\t\t\t\tmargin-top: 10px;\n\t\t\t\ttext-align: center;\n\t\t\t\twidth: 33%;\n\t\t\t}\n\t\t\t#gallery-1 img {\n\t\t\t\tborder: 2px solid #cfcfcf;\n\t\t\t}\n\t\t\t#gallery-1 .gallery-caption {\n\t\t\t\tmargin-left: 0;\n\t\t\t}\n\t\t\t\/* see gallery_shortcode() in wp-includes\/media.php *\/\n\t\t<\/style>\n\t\t<div id='gallery-1' class='gallery galleryid-1139 gallery-columns-3 gallery-size-medium'><dl class='gallery-item'>\n\t\t\t<dt class='gallery-icon landscape'>\n\t\t\t\t<a href='https:\/\/adepepe.org\/site\/almoco-de-pascoa-na-adepepe\/almoco8\/'><img loading=\"lazy\" decoding=\"async\" width=\"700\" height=\"393\" src=\"https:\/\/adepepe.org\/site\/wp-content\/uploads\/2016\/03\/almo\u00e7o8.jpg\" class=\"attachment-medium size-medium\" alt=\"\" aria-describedby=\"gallery-1-1146\" \/><\/a>\n\t\t\t<\/dt>\n\t\t\t\t<dd class='wp-caption-text gallery-caption' id='gallery-1-1146'>\n\t\t\t\tP\u00e1scoa da ADEPEPE (Foto:Ascom)\n\t\t\t\t<\/dd><\/dl><dl class='gallery-item'>\n\t\t\t<dt class='gallery-icon landscape'>\n\t\t\t\t<a href='https:\/\/adepepe.org\/site\/almoco-de-pascoa-na-adepepe\/almoco7\/'><img loading=\"lazy\" decoding=\"async\" width=\"700\" height=\"393\" src=\"https:\/\/adepepe.org\/site\/wp-content\/uploads\/2016\/03\/almo\u00e7o7.jpg\" class=\"attachment-medium size-medium\" alt=\"\" aria-describedby=\"gallery-1-1145\" \/><\/a>\n\t\t\t<\/dt>\n\t\t\t\t<dd class='wp-caption-text gallery-caption' id='gallery-1-1145'>\n\t\t\t\tP\u00e1scoa da ADEPEPE (Foto:Ascom)\n\t\t\t\t<\/dd><\/dl><dl class='gallery-item'>\n\t\t\t<dt class='gallery-icon landscape'>\n\t\t\t\t<a href='https:\/\/adepepe.org\/site\/almoco-de-pascoa-na-adepepe\/almoco6\/'><img loading=\"lazy\" decoding=\"async\" width=\"700\" height=\"393\" src=\"https:\/\/adepepe.org\/site\/wp-content\/uploads\/2016\/03\/almo\u00e7o6.jpg\" class=\"attachment-medium size-medium\" alt=\"\" aria-describedby=\"gallery-1-1144\" \/><\/a>\n\t\t\t<\/dt>\n\t\t\t\t<dd class='wp-caption-text gallery-caption' id='gallery-1-1144'>\n\t\t\t\tP\u00e1scoa da ADEPEPE (Foto:Ascom)\n\t\t\t\t<\/dd><\/dl><br style=\"clear: both\" \/><dl class='gallery-item'>\n\t\t\t<dt class='gallery-icon landscape'>\n\t\t\t\t<a href='https:\/\/adepepe.org\/site\/almoco-de-pascoa-na-adepepe\/almoco5\/'><img loading=\"lazy\" decoding=\"async\" width=\"700\" height=\"393\" src=\"https:\/\/adepepe.org\/site\/wp-content\/uploads\/2016\/03\/almo\u00e7o5.jpg\" class=\"attachment-medium size-medium\" alt=\"\" aria-describedby=\"gallery-1-1143\" \/><\/a>\n\t\t\t<\/dt>\n\t\t\t\t<dd class='wp-caption-text gallery-caption' id='gallery-1-1143'>\n\t\t\t\tP\u00e1scoa da ADEPEPE (Foto:Ascom)\n\t\t\t\t<\/dd><\/dl><dl class='gallery-item'>\n\t\t\t<dt class='gallery-icon landscape'>\n\t\t\t\t<a href='https:\/\/adepepe.org\/site\/almoco-de-pascoa-na-adepepe\/almoco4\/'><img loading=\"lazy\" decoding=\"async\" width=\"700\" height=\"393\" src=\"https:\/\/adepepe.org\/site\/wp-content\/uploads\/2016\/03\/almo\u00e7o4.jpg\" class=\"attachment-medium size-medium\" alt=\"\" aria-describedby=\"gallery-1-1142\" \/><\/a>\n\t\t\t<\/dt>\n\t\t\t\t<dd class='wp-caption-text gallery-caption' id='gallery-1-1142'>\n\t\t\t\tP\u00e1scoa da ADEPEPE (Foto:Ascom)\n\t\t\t\t<\/dd><\/dl><dl class='gallery-item'>\n\t\t\t<dt class='gallery-icon landscape'>\n\t\t\t\t<a href='https:\/\/adepepe.org\/site\/almoco-de-pascoa-na-adepepe\/almoco3\/'><img loading=\"lazy\" decoding=\"async\" width=\"700\" height=\"525\" src=\"https:\/\/adepepe.org\/site\/wp-content\/uploads\/2016\/03\/almo\u00e7o3.jpg\" class=\"attachment-medium size-medium\" alt=\"\" aria-describedby=\"gallery-1-1141\" \/><\/a>\n\t\t\t<\/dt>\n\t\t\t\t<dd class='wp-caption-text gallery-caption' id='gallery-1-1141'>\n\t\t\t\tP\u00e1scoa da ADEPEPE (Foto:Ascom)\n\t\t\t\t<\/dd><\/dl><br style=\"clear: both\" \/><dl class='gallery-item'>\n\t\t\t<dt class='gallery-icon landscape'>\n\t\t\t\t<a href='https:\/\/adepepe.org\/site\/almoco-de-pascoa-na-adepepe\/almoco1\/'><img loading=\"lazy\" decoding=\"async\" width=\"653\" height=\"489\" src=\"https:\/\/adepepe.org\/site\/wp-content\/uploads\/2016\/03\/almo\u00e7o1.jpg\" class=\"attachment-medium size-medium\" alt=\"\" aria-describedby=\"gallery-1-1140\" \/><\/a>\n\t\t\t<\/dt>\n\t\t\t\t<dd class='wp-caption-text gallery-caption' id='gallery-1-1140'>\n\t\t\t\tP\u00e1scoa da ADEPEPE (Foto:Ascom)\n\t\t\t\t<\/dd><\/dl>\n\t\t\t<br style='clear: both' \/>\n\t\t<\/div>\n\n","protected":false},"excerpt":{"rendered":"<p>Mais um almo\u00e7o enche de alegria a ADEPEPE. Nesta quinta-feira (31), foi celebrada a P\u00e1scoa dos Defensores em Pernambuco. Confira algumas fotos do evento, que ocorreu na sede da entidade, na Ilha do Leite.<\/p>\n","protected":false},"author":4,"featured_media":1148,"comment_status":"open","ping_status":"open","sticky":false,"template":"","format":"standard","meta":{"footnotes":""},"categories":[5],"tags":[16],"class_list":["post-1139","post","type-post","status-publish","format-standard","has-post-thumbnail","hentry","category-noticias","tag-adepepe"],"_links":{"self":[{"href":"https:\/\/adepepe.org\/site\/wp-json\/wp\/v2\/posts\/1139","targetHints":{"allow":["GET"]}}],"collection":[{"href":"https:\/\/adepepe.org\/site\/wp-json\/wp\/v2\/posts"}],"about":[{"href":"https:\/\/adepepe.org\/site\/wp-json\/wp\/v2\/types\/post"}],"author":[{"embeddable":true,"href":"https:\/\/adepepe.org\/site\/wp-json\/wp\/v2\/users\/4"}],"replies":[{"embeddable":true,"href":"https:\/\/adepepe.org\/site\/wp-json\/wp\/v2\/comments?post=1139"}],"version-history":[{"count":1,"href":"https:\/\/adepepe.org\/site\/wp-json\/wp\/v2\/posts\/1139\/revisions"}],"predecessor-version":[{"id":1147,"href":"https:\/\/adepepe.org\/site\/wp-json\/wp\/v2\/posts\/1139\/revisions\/1147"}],"wp:featuredmedia":[{"embeddable":true,"href":"https:\/\/adepepe.org\/site\/wp-json\/wp\/v2\/media\/1148"}],"wp:attachment":[{"href":"https:\/\/adepepe.org\/site\/wp-json\/wp\/v2\/media?parent=1139"}],"wp:term":[{"taxonomy":"category","embeddable":true,"href":"https:\/\/adepepe.org\/site\/wp-json\/wp\/v2\/categories?post=1139"},{"taxonomy":"post_tag","embeddable":true,"href":"https:\/\/adepepe.org\/site\/wp-json\/wp\/v2\/tags?post=1139"}],"curies":[{"name":"wp","href":"https:\/\/api.w.org\/{rel}","templated":true}]}}