{"id":1173,"date":"2016-04-27T17:41:31","date_gmt":"2016-04-27T20:41:31","guid":{"rendered":"http:\/\/adepepe.com.br\/site\/?p=1173"},"modified":"2016-10-25T17:05:40","modified_gmt":"2016-10-25T20:05:40","slug":"adepepe-convoca-assembleia-para-eleicao-da-diretoria-executiva-e-do-conselho-consultivo-e-fiscal","status":"publish","type":"post","link":"https:\/\/adepepe.org\/site\/adepepe-convoca-assembleia-para-eleicao-da-diretoria-executiva-e-do-conselho-consultivo-e-fiscal\/","title":{"rendered":"ADEPEPE convoca: Assembleia para elei\u00e7\u00e3o da Diretoria Executiva e do Conselho Consultivo e Fiscal"},"content":{"rendered":"<p>O presidente da Associa\u00e7\u00e3o dos Defensores P\u00fablicos do Estado de Pernambuco (ADEPEPE), Edmundo Siqueira Campos convoca <strong>Assembleia Geral Extraordin\u00e1ria<\/strong>, com a participa\u00e7\u00e3o de todos os seus associados, para a <strong>elei\u00e7\u00e3o<\/strong> dos cargos da <strong>Diretoria Executiva<\/strong> e do <strong>Conselho Consultivo e Fiscal, para o mandato de quatro anos &#8211; quadri\u00eanio 2016\/2020.<\/strong><\/p>\n<p>A <strong>Assembleia acontecer\u00e1 no pr\u00f3ximo dia 19 de maio,<\/strong> das 9h \u00e0s 16h, na sede da ADEPEPE, localizada na Rua Desembargador Ant\u00f4nio Guimar\u00e3es, n\u00ba87, Ilha do Leite &#8211; Recife. Ser\u00e3o obedecidas as normas para o registro de candidatura e vota\u00e7\u00e3o estabelecidas no Regulamento Eleitoral, que se encontra disponibilizado na Comiss\u00e3o Eleitoral.<\/p>\n<p>A Comiss\u00e3o Eleitoral, que ir\u00e1 conduzir o processo eleitoral, \u00e9 composta pelos seguintes associados: C\u00e9lio Jos\u00e9 de Oliveira (presidente), Maria do Socorro de Oliveira Banja, Ant\u00f4nio Carlos Cirilo de Carvalho e H\u00eanio Azevedo de Queiroz.<\/p>\n","protected":false},"excerpt":{"rendered":"<p>O presidente da Associa\u00e7\u00e3o dos Defensores P\u00fablicos do Estado de Pernambuco (ADEPEPE), Edmundo Siqueira Campos convoca Assembleia Geral Extraordin\u00e1ria, com a participa\u00e7\u00e3o de todos os seus associados, para a elei\u00e7\u00e3o dos cargos da Diretoria Executiva e do Conselho Consultivo e Fiscal, para o mandato de quatro anos &#8211; quadri\u00eanio 2016\/2020. A Assembleia acontecer\u00e1 no pr\u00f3ximo [&hellip;]<\/p>\n","protected":false},"author":4,"featured_media":376,"comment_status":"open","ping_status":"open","sticky":false,"template":"","format":"standard","meta":{"footnotes":""},"categories":[5],"tags":[16],"class_list":["post-1173","post","type-post","status-publish","format-standard","has-post-thumbnail","hentry","category-noticias","tag-adepepe"],"_links":{"self":[{"href":"https:\/\/adepepe.org\/site\/wp-json\/wp\/v2\/posts\/1173","targetHints":{"allow":["GET"]}}],"collection":[{"href":"https:\/\/adepepe.org\/site\/wp-json\/wp\/v2\/posts"}],"about":[{"href":"https:\/\/adepepe.org\/site\/wp-json\/wp\/v2\/types\/post"}],"author":[{"embeddable":true,"href":"https:\/\/adepepe.org\/site\/wp-json\/wp\/v2\/users\/4"}],"replies":[{"embeddable":true,"href":"https:\/\/adepepe.org\/site\/wp-json\/wp\/v2\/comments?post=1173"}],"version-history":[{"count":1,"href":"https:\/\/adepepe.org\/site\/wp-json\/wp\/v2\/posts\/1173\/revisions"}],"predecessor-version":[{"id":1174,"href":"https:\/\/adepepe.org\/site\/wp-json\/wp\/v2\/posts\/1173\/revisions\/1174"}],"wp:featuredmedia":[{"embeddable":true,"href":"https:\/\/adepepe.org\/site\/wp-json\/wp\/v2\/media\/376"}],"wp:attachment":[{"href":"https:\/\/adepepe.org\/site\/wp-json\/wp\/v2\/media?parent=1173"}],"wp:term":[{"taxonomy":"category","embeddable":true,"href":"https:\/\/adepepe.org\/site\/wp-json\/wp\/v2\/categories?post=1173"},{"taxonomy":"post_tag","embeddable":true,"href":"https:\/\/adepepe.org\/site\/wp-json\/wp\/v2\/tags?post=1173"}],"curies":[{"name":"wp","href":"https:\/\/api.w.org\/{rel}","templated":true}]}}