{"id":1246,"date":"2016-05-12T16:30:57","date_gmt":"2016-05-12T19:30:57","guid":{"rendered":"http:\/\/adepepe.com.br\/site\/?p=1246"},"modified":"2016-10-25T17:05:39","modified_gmt":"2016-10-25T20:05:39","slug":"premio-olegaria-mariano-homenageia-defensores","status":"publish","type":"post","link":"https:\/\/adepepe.org\/site\/premio-olegaria-mariano-homenageia-defensores\/","title":{"rendered":"Pr\u00eamio Oleg\u00e1ria Mariano homenageia Defensores"},"content":{"rendered":"<div id=\"attachment_1247\" style=\"width: 710px\" class=\"wp-caption aligncenter\"><img loading=\"lazy\" decoding=\"async\" aria-describedby=\"caption-attachment-1247\" class=\"size-full wp-image-1247\" src=\"https:\/\/adepepe.com.br\/site\/wp-content\/uploads\/2016\/05\/defensores.jpg\" alt=\"Edmundo Siqueira Campos e Cristina Sakaki receberam men\u00e7\u00e3o honrosa (Foto: Ascom\/DPE)\" width=\"700\" height=\"341\" \/><p id=\"caption-attachment-1247\" class=\"wp-caption-text\">Edmundo Siqueira Campos e Cristina Sakaki receberam men\u00e7\u00e3o honrosa (Foto: Ascom\/DPE)<\/p><\/div>\n<p style=\"text-align: justify;\">A Defensora P\u00fablica Cristina Sakaki e o presidente da Associa\u00e7\u00e3o dos Defensores P\u00fablicos de Pernambuco, Edmundo Siqueira Campos, foram homenageados durante o lan\u00e7amento da 12\u00aa edi\u00e7\u00e3o do livro Mulheres que Mudaram a Hist\u00f3ria de Pernambuco. Ambos receberam uma \u201cmen\u00e7\u00e3o honrosa\u201d pela atua\u00e7\u00e3o nas \u00e1reas da Defensoria P\u00fablica.<\/p>\n<p style=\"text-align: justify;\"><strong><em>Leia Mais&gt;&gt;<\/em><\/strong><br \/>\n<a href=\"http:\/\/adepepe.com.br\/site\/presidente-da-adepepe-homenageado-em-lancamento-de-livro\/\"><strong><em>Presidente da Adepepe homenageado em lan\u00e7amento de livro<\/em><\/strong><\/a><\/p>\n<p style=\"text-align: justify;\">O Pr\u00eamio Oleg\u00e1ria Mariano foi institu\u00eddo para homenagear pessoas ou entidades com not\u00e1vel contribui\u00e7\u00e3o para o crescimento de Pernambuco. O evento ocorreu no Teatro Tabocas, no Centro de Conven\u00e7\u00f5es de Pernambuco, no dia 5 de maio. No total, 56 mulheres foram homenageadas em 2016.<\/p>\n<p style=\"text-align: justify;\"><em>*Com informa\u00e7\u00f5es da Ascom da DPE.<\/em><\/p>\n","protected":false},"excerpt":{"rendered":"<p>A Defensora P\u00fablica Cristina Sakaki e o presidente da Associa\u00e7\u00e3o dos Defensores P\u00fablicos de Pernambuco, Edmundo Siqueira Campos, foram homenageados durante o lan\u00e7amento da 12\u00aa edi\u00e7\u00e3o do livro Mulheres que Mudaram a Hist\u00f3ria de Pernambuco. Ambos receberam uma \u201cmen\u00e7\u00e3o honrosa\u201d pela atua\u00e7\u00e3o nas \u00e1reas da Defensoria P\u00fablica. Leia Mais&gt;&gt; Presidente da Adepepe homenageado em lan\u00e7amento [&hellip;]<\/p>\n","protected":false},"author":4,"featured_media":1263,"comment_status":"open","ping_status":"open","sticky":false,"template":"","format":"standard","meta":{"footnotes":""},"categories":[5],"tags":[16],"class_list":["post-1246","post","type-post","status-publish","format-standard","has-post-thumbnail","hentry","category-noticias","tag-adepepe"],"_links":{"self":[{"href":"https:\/\/adepepe.org\/site\/wp-json\/wp\/v2\/posts\/1246","targetHints":{"allow":["GET"]}}],"collection":[{"href":"https:\/\/adepepe.org\/site\/wp-json\/wp\/v2\/posts"}],"about":[{"href":"https:\/\/adepepe.org\/site\/wp-json\/wp\/v2\/types\/post"}],"author":[{"embeddable":true,"href":"https:\/\/adepepe.org\/site\/wp-json\/wp\/v2\/users\/4"}],"replies":[{"embeddable":true,"href":"https:\/\/adepepe.org\/site\/wp-json\/wp\/v2\/comments?post=1246"}],"version-history":[{"count":3,"href":"https:\/\/adepepe.org\/site\/wp-json\/wp\/v2\/posts\/1246\/revisions"}],"predecessor-version":[{"id":1250,"href":"https:\/\/adepepe.org\/site\/wp-json\/wp\/v2\/posts\/1246\/revisions\/1250"}],"wp:featuredmedia":[{"embeddable":true,"href":"https:\/\/adepepe.org\/site\/wp-json\/wp\/v2\/media\/1263"}],"wp:attachment":[{"href":"https:\/\/adepepe.org\/site\/wp-json\/wp\/v2\/media?parent=1246"}],"wp:term":[{"taxonomy":"category","embeddable":true,"href":"https:\/\/adepepe.org\/site\/wp-json\/wp\/v2\/categories?post=1246"},{"taxonomy":"post_tag","embeddable":true,"href":"https:\/\/adepepe.org\/site\/wp-json\/wp\/v2\/tags?post=1246"}],"curies":[{"name":"wp","href":"https:\/\/api.w.org\/{rel}","templated":true}]}}