{"id":130,"date":"2014-01-07T13:49:27","date_gmt":"2014-01-07T13:49:27","guid":{"rendered":"http:\/\/adepepe.com.br\/wp\/?p=65"},"modified":"2016-10-25T17:05:44","modified_gmt":"2016-10-25T20:05:44","slug":"dpg-apresenta-relatorio-sobre-atividades-do-mes-de-dezembro","status":"publish","type":"post","link":"https:\/\/adepepe.org\/site\/dpg-apresenta-relatorio-sobre-atividades-do-mes-de-dezembro\/","title":{"rendered":"DPG apresenta relat\u00f3rio sobre atividades do m\u00eas de Dezembro"},"content":{"rendered":"<p>Tendo assumido no dia 21 de maio de 2012, o honroso cargo de Defensora P\u00fablica Geral, atrav\u00e9s do Ato n\u00b0 1559 de 01 de junho de 2012, do Senhor Governador do Estado de Pernambuco, Dr. Eduardo Campos<!--more--> e em obedi\u00eancia ao &#8220;princ\u00edpio de transpar\u00eancia&#8221; que deve sempre nortear as a\u00e7\u00f5es daqueles que optam pelo exerc\u00edcio da nobre fun\u00e7\u00e3o p\u00fablica, venho submeter \u00e0 aprecia\u00e7\u00e3o dos meus pares, o Relat\u00f3rio Mensal de Atividades, pertinente ao cargo por mim preenchido.<\/p>\n<p>&nbsp;<\/p>\n<p>1. Publicidade para o n\u00famero da conta de banco da Defensoria P\u00fablica, para dep\u00f3sito dos honor\u00e1rios sucumbenciais;<\/p>\n<p>2. Reuni\u00e3o para elabora\u00e7\u00e3o do livro das gest\u00f5es 2010\/2012 e 2012\/2014;<\/p>\n<p>3. Reuni\u00e3o Coordenadoria de Gest\u00e3o;<\/p>\n<p>4. Viagem de capacita\u00e7\u00e3o do N\u00facleo de Recursos para Bras\u00edlia, acompanhamento das obras da sala(entrega em fevereiro \/ 2014);<\/p>\n<p>5. Reuni\u00e3o com Diretoria do BNDES;<\/p>\n<p>6. Inaugura\u00e7\u00e3o das melhorias na sede do N\u00facleo de Vit\u00f3ria de santo Ant\u00e3o;<\/p>\n<p>7. Reuni\u00e3o com funcion\u00e1rios da terceirizada, Backer Tilly do Brasil, e consequente realiza\u00e7\u00e3o de pesquisa de clima em mar\u00e7o\/2014;<\/p>\n<p>8. Participa\u00e7\u00e3o da solenidade da OAB com merecida homenagem \u00e0 Defensora P\u00fablica L\u00facia Helena de Freitas \u2013 Medalha Hero\u00edna de Tejucupapo;<\/p>\n<p>9. Participa\u00e7\u00e3o da Reuni\u00e3o CONDEGE em Fortaleza \u2013 Entrega da Medalha do M\u00e9rito Defensor P\u00fablico ao Presidente do CONDEGE, Dr. Nilton Leonel;<\/p>\n<p>10. Participa\u00e7\u00e3o do Dia Nacional do Minist\u00e9rio P\u00fablico;<\/p>\n<p>11. Abertura da 3\u00aa Exposi\u00e7\u00e3o de Natal com os menores da FUNASE do Programa \u201cLIBERTA\u00c7\u00c3O ATRAV\u00c9S DA ARTE\u201d;<\/p>\n<p>12. Participa\u00e7\u00e3o da Reuni\u00e3o da Comiss\u00e3o da Verdade;<\/p>\n<p>13. Recebimento da Medalha \u201c DOM HELDER C\u00c2MARA\u201d na Prefeitura de Jaboat\u00e3o;<\/p>\n<p>14. Participa\u00e7\u00e3o da festa de anivers\u00e1rio do TJPE ;<\/p>\n<p>15. Realiza\u00e7\u00e3o da festa de confraterniza\u00e7\u00e3o da Defensoria P\u00fablica;<\/p>\n<p>16. Reuni\u00e3o com a equipe de comunica\u00e7\u00e3o;<\/p>\n<p>17. Reuni\u00e3o para implementa\u00e7\u00e3o do Call Center em Pernambuco;<\/p>\n<p>18. Lan\u00e7amento do tombamento do acervo do Instituto Miguel Arraes;<\/p>\n<p>19. Reuni\u00e3o corregedoria para confer\u00eancia dos n\u00fameros de atendimentos 2013;<\/p>\n<p>20. Participa\u00e7\u00e3o da Festa de Natal da Prefeitura do Recife;<\/p>\n<p>21. Participa\u00e7\u00e3o da Festa de Natal do Governo do Estado;<\/p>\n<p>22. Realiza\u00e7\u00e3o da \u00faltima sess\u00e3o de 2013 do Conselho Superior da Defensoria P\u00fablica;<\/p>\n<p>23. Solenidade de inaugura\u00e7\u00e3o das novas instala\u00e7\u00f5es da Coordenadoria de Gest\u00e3o no Edif\u00edcio Thom\u00e1z Edson na Av. Agamenon Magalh\u00e3es, 9\u00ba andar.<\/p>\n<p>&nbsp;<\/p>\n<p>MARTA MARIA DE BRITO ALVES FREIRE<\/p>\n<p>DEFENSORA P\u00daBLICA GERAL DE PERNAMBUCO<\/p>\n","protected":false},"excerpt":{"rendered":"<p>Tendo assumido no dia 21 de maio de 2012, o honroso cargo de Defensora P\u00fablica Geral, atrav\u00e9s do Ato n\u00b0 1559 de 01 de junho de 2012, do Senhor Governador do Estado de Pernambuco, Dr. Eduardo Campos<\/p>\n","protected":false},"author":2,"featured_media":0,"comment_status":"closed","ping_status":"closed","sticky":false,"template":"","format":"standard","meta":{"footnotes":""},"categories":[5],"tags":[16],"class_list":["post-130","post","type-post","status-publish","format-standard","hentry","category-noticias","tag-adepepe"],"_links":{"self":[{"href":"https:\/\/adepepe.org\/site\/wp-json\/wp\/v2\/posts\/130","targetHints":{"allow":["GET"]}}],"collection":[{"href":"https:\/\/adepepe.org\/site\/wp-json\/wp\/v2\/posts"}],"about":[{"href":"https:\/\/adepepe.org\/site\/wp-json\/wp\/v2\/types\/post"}],"author":[{"embeddable":true,"href":"https:\/\/adepepe.org\/site\/wp-json\/wp\/v2\/users\/2"}],"replies":[{"embeddable":true,"href":"https:\/\/adepepe.org\/site\/wp-json\/wp\/v2\/comments?post=130"}],"version-history":[{"count":1,"href":"https:\/\/adepepe.org\/site\/wp-json\/wp\/v2\/posts\/130\/revisions"}],"predecessor-version":[{"id":1618,"href":"https:\/\/adepepe.org\/site\/wp-json\/wp\/v2\/posts\/130\/revisions\/1618"}],"wp:attachment":[{"href":"https:\/\/adepepe.org\/site\/wp-json\/wp\/v2\/media?parent=130"}],"wp:term":[{"taxonomy":"category","embeddable":true,"href":"https:\/\/adepepe.org\/site\/wp-json\/wp\/v2\/categories?post=130"},{"taxonomy":"post_tag","embeddable":true,"href":"https:\/\/adepepe.org\/site\/wp-json\/wp\/v2\/tags?post=130"}],"curies":[{"name":"wp","href":"https:\/\/api.w.org\/{rel}","templated":true}]}}