{"id":138,"date":"2014-02-20T20:40:52","date_gmt":"2014-02-20T20:40:52","guid":{"rendered":"http:\/\/adepepe.com.br\/wp\/?p=103"},"modified":"2016-10-25T17:05:44","modified_gmt":"2016-10-25T20:05:44","slug":"plenario-da-camara-aprova-pec-2472013-em-1o-turno","status":"publish","type":"post","link":"https:\/\/adepepe.org\/site\/plenario-da-camara-aprova-pec-2472013-em-1o-turno\/","title":{"rendered":"Plen\u00e1rio da C\u00e2mara aprova PEC 247\/2013 em 1\u00ba turno"},"content":{"rendered":"<p>O Plen\u00e1rio da C\u00e2mara aprovou em sess\u00e3o extraordin\u00e1ria iniciada \u00e0s 19h de hoje, a Proposta de Emenda \u00e0 Constitui\u00e7\u00e3o (PEC) 247\/2013, de autoria dos deputados Mauro Benevides (PMDB-CE), Alessandro Molon (PT-RJ) e Andre Moura (PSC-SE). <!--more-->A PEC Defensoria Para Todos obteve 392 votos favor\u00e1veis, duas absten\u00e7\u00f5es e nenhum voto contr\u00e1rio, em uma vota\u00e7\u00e3o considerada consagradora pela presid\u00eancia da Casa. O chamado qu\u00f3rum qualificado exige, para aprova\u00e7\u00e3o, o voto positivo de 308 deputados, equivalente a tr\u00eas quintos do total.<\/p>\n<p><img loading=\"lazy\" decoding=\"async\" class=\"size-medium wp-image-106 alignleft\" alt=\"pec_247\" src=\"https:\/\/adepepe.com.br\/wp\/wp-content\/uploads\/2014\/02\/pec_247-300x174.jpg\" width=\"300\" height=\"174\" \/>O presidente da C\u00e2mara, Henrique Eduardo Alves chegou a propor a quebra de interst\u00edcio, para que a Proposta fosse votada em dois turnos ainda nesta quarta-feira. No entanto, como n\u00e3o houve unanimidade entre os parlamentares, a PEC que concede oito anos \u00e0 Uni\u00e3o, aos estados e ao Distrito Federal para que todas as unidades jurisdicionais contem com defensores p\u00fablicos deve voltar \u00e0 pauta da Casa para vota\u00e7\u00e3o em segundo turno , ap\u00f3s o prazo de cinco sess\u00f5es de interst\u00edcio, conforme regimento. \u201cNo dia 12 de mar\u00e7o, completado prazo destas cinco sess\u00f5es, vamos votar esta PEC no segundo turno\u201d, garantiu o presidente.<\/p>\n<p>O texto em vota\u00e7\u00e3o \u00e9 o do substitutivo da comiss\u00e3o especial, elaborado pelo deputado Amauri Teixeira (PT-BA), segundo o qual o n\u00famero de defensores dever\u00e1 ser proporcional \u00e0 demanda efetiva pelo servi\u00e7o e \u00e0 respectiva popula\u00e7\u00e3o. Durante esses oito anos, os defensores dever\u00e3o trabalhar, prioritariamente, nas regi\u00f5es com maiores \u00edndices de exclus\u00e3o social e de adensamento populacional.<\/p>\n<p>&nbsp;<\/p>\n<p>Fonte: Ascom ANADEP<br \/>\nEstado: DF<\/p>\n","protected":false},"excerpt":{"rendered":"<p>O Plen\u00e1rio da C\u00e2mara aprovou em sess\u00e3o extraordin\u00e1ria iniciada \u00e0s 19h de hoje, a Proposta de Emenda \u00e0 Constitui\u00e7\u00e3o (PEC) 247\/2013, de autoria dos deputados Mauro Benevides (PMDB-CE), Alessandro Molon (PT-RJ) e Andre Moura (PSC-SE).<\/p>\n","protected":false},"author":2,"featured_media":0,"comment_status":"closed","ping_status":"closed","sticky":false,"template":"","format":"standard","meta":{"footnotes":""},"categories":[5],"tags":[16],"class_list":["post-138","post","type-post","status-publish","format-standard","hentry","category-noticias","tag-adepepe"],"_links":{"self":[{"href":"https:\/\/adepepe.org\/site\/wp-json\/wp\/v2\/posts\/138","targetHints":{"allow":["GET"]}}],"collection":[{"href":"https:\/\/adepepe.org\/site\/wp-json\/wp\/v2\/posts"}],"about":[{"href":"https:\/\/adepepe.org\/site\/wp-json\/wp\/v2\/types\/post"}],"author":[{"embeddable":true,"href":"https:\/\/adepepe.org\/site\/wp-json\/wp\/v2\/users\/2"}],"replies":[{"embeddable":true,"href":"https:\/\/adepepe.org\/site\/wp-json\/wp\/v2\/comments?post=138"}],"version-history":[{"count":1,"href":"https:\/\/adepepe.org\/site\/wp-json\/wp\/v2\/posts\/138\/revisions"}],"predecessor-version":[{"id":1607,"href":"https:\/\/adepepe.org\/site\/wp-json\/wp\/v2\/posts\/138\/revisions\/1607"}],"wp:attachment":[{"href":"https:\/\/adepepe.org\/site\/wp-json\/wp\/v2\/media?parent=138"}],"wp:term":[{"taxonomy":"category","embeddable":true,"href":"https:\/\/adepepe.org\/site\/wp-json\/wp\/v2\/categories?post=138"},{"taxonomy":"post_tag","embeddable":true,"href":"https:\/\/adepepe.org\/site\/wp-json\/wp\/v2\/tags?post=138"}],"curies":[{"name":"wp","href":"https:\/\/api.w.org\/{rel}","templated":true}]}}