{"id":1389,"date":"2016-06-27T10:41:49","date_gmt":"2016-06-27T13:41:49","guid":{"rendered":"http:\/\/adepepe.com.br\/site\/?p=1389"},"modified":"2016-10-25T17:05:39","modified_gmt":"2016-10-25T20:05:39","slug":"oea-aprova-nova-resolucao-para-a-autonomia-e-fortalecimento-da-defensoria-publica","status":"publish","type":"post","link":"https:\/\/adepepe.org\/site\/oea-aprova-nova-resolucao-para-a-autonomia-e-fortalecimento-da-defensoria-publica\/","title":{"rendered":"OEA aprova nova resolu\u00e7\u00e3o para a autonomia e fortalecimento da Defensoria P\u00fablica"},"content":{"rendered":"<div id=\"attachment_1392\" style=\"width: 780px\" class=\"wp-caption aligncenter\"><img loading=\"lazy\" decoding=\"async\" aria-describedby=\"caption-attachment-1392\" class=\"size-medium wp-image-1392\" src=\"https:\/\/adepepe.com.br\/site\/wp-content\/uploads\/2016\/06\/Sede_OEA_reprodu\u00e7\u00e3o-770x513.jpg\" alt=\"Resolu\u00e7\u00e3o aponta a import\u00e2ncia da assist\u00eancia jur\u00eddica gratuita (Foto:Reprodu\u00e7\u00e3o\/OEA)\" width=\"770\" height=\"513\" srcset=\"https:\/\/adepepe.org\/site\/wp-content\/uploads\/2016\/06\/Sede_OEA_reprodu\u00e7\u00e3o-770x513.jpg 770w, https:\/\/adepepe.org\/site\/wp-content\/uploads\/2016\/06\/Sede_OEA_reprodu\u00e7\u00e3o-768x512.jpg 768w, https:\/\/adepepe.org\/site\/wp-content\/uploads\/2016\/06\/Sede_OEA_reprodu\u00e7\u00e3o-1024x683.jpg 1024w\" sizes=\"auto, (max-width: 770px) 100vw, 770px\" \/><p id=\"caption-attachment-1392\" class=\"wp-caption-text\">Resolu\u00e7\u00e3o aponta a import\u00e2ncia da assist\u00eancia jur\u00eddica gratuita (Foto:Reprodu\u00e7\u00e3o\/OEA)<\/p><\/div>\n<p style=\"text-align: justify;\">A Organiza\u00e7\u00e3o dos Estados Americanos (OEA) deu mais um importante passo em prol do fortalecimento da Defensoria P\u00fablica. Durante o 46\u00ba Per\u00edodo Ordin\u00e1rio de Sess\u00f5es da Assembleia Geral da OEA, que ocorreu em Santo Domingo (Rep\u00fablica Dominicana), de 13 a 15 de junho, foi aprovada a Resolu\u00e7\u00e3o AG\/RES n\u00ba 2887\/2016.<\/p>\n<p style=\"text-align: justify;\">O documento intitulado \u201cPromo\u00e7\u00e3o e prote\u00e7\u00e3o dos direitos humanos\u201d tem por objetivo aprofundar o compromisso dos Estados-membros da Associa\u00e7\u00e3o Interamericana de Defensorias P\u00fablicas (AIDEF) e tamb\u00e9m normatizar o trabalho dos defensores na prote\u00e7\u00e3o dos direitos humanos. A Resolu\u00e7\u00e3o aponta a import\u00e2ncia da assist\u00eancia jur\u00eddica gratuita e o papel das Defensorias P\u00fablicas na sociedade e, principalmente, para as pessoas em situa\u00e7\u00e3o de vulnerabilidade.<\/p>\n<p style=\"text-align: justify;\">Ao todo, a Resolu\u00e7\u00e3o apontou 21 pontos para serem trabalhados. Entre os principais est\u00e3o: o reconhecimento e a promo\u00e7\u00e3o dos direitos das pessoas de ascend\u00eancia africana nas Am\u00e9ricas; prote\u00e7\u00e3o dos refugiados nas Am\u00e9ricas; recomenda\u00e7\u00f5es sobre o Relat\u00f3rio Anual da Corte Interamericana de Direitos Humanos; observa\u00e7\u00f5es e recomenda\u00e7\u00f5es sobre o Relat\u00f3rio Anual da Comiss\u00e3o Interamericana de Direitos Humanos; combate \u00e0 tortura e outros castigos cru\u00e9is, desumanos ou degradantes; acompanhamento do Programa Interamericano para o Registro Civil Universal e &#8220;Direito \u00e0 Identidade&#8221;; apoio \u00e0 Comiss\u00e3o para a Elimina\u00e7\u00e3o de Todas as Formas de Discrimina\u00e7\u00e3o contra as Pessoas com Defici\u00eancia, CEDDIS e \u00e0 sua Secretaria T\u00e9cnica; prote\u00e7\u00e3o dos Direitos Humanos dos Idosos; o combate \u00e0 viol\u00eancia contra a Mulher e outros.<\/p>\n<p style=\"text-align: justify;\">\u201cO documento \u00e9 uma ferramenta importante de trabalho para as Defensorias P\u00fablicas em todo o continente americano. As resolu\u00e7\u00f5es ampliam a autonomia das Defensorias e estimulam a troca de experi\u00eancias e boas pr\u00e1ticas entre as Institui\u00e7\u00f5es. Al\u00e9m disso, \u00e9 um vi\u00e9s fundamental no desenho de pol\u00edticas p\u00fablicas da \u00e1rea\u201d, disse o presidente da ANADEP, Joaquim Neto.<\/p>\n<p style=\"text-align: justify;\"><em>*Da ANADEP<\/em><\/p>\n","protected":false},"excerpt":{"rendered":"<p>A Organiza\u00e7\u00e3o dos Estados Americanos (OEA) deu mais um importante passo em prol do fortalecimento da Defensoria P\u00fablica. Durante o 46\u00ba Per\u00edodo Ordin\u00e1rio de Sess\u00f5es da Assembleia Geral da OEA, que ocorreu em Santo Domingo (Rep\u00fablica Dominicana), de 13 a 15 de junho, foi aprovada a Resolu\u00e7\u00e3o AG\/RES n\u00ba 2887\/2016. O documento intitulado \u201cPromo\u00e7\u00e3o e [&hellip;]<\/p>\n","protected":false},"author":4,"featured_media":0,"comment_status":"open","ping_status":"open","sticky":false,"template":"","format":"standard","meta":{"footnotes":""},"categories":[5],"tags":[16],"class_list":["post-1389","post","type-post","status-publish","format-standard","hentry","category-noticias","tag-adepepe"],"_links":{"self":[{"href":"https:\/\/adepepe.org\/site\/wp-json\/wp\/v2\/posts\/1389","targetHints":{"allow":["GET"]}}],"collection":[{"href":"https:\/\/adepepe.org\/site\/wp-json\/wp\/v2\/posts"}],"about":[{"href":"https:\/\/adepepe.org\/site\/wp-json\/wp\/v2\/types\/post"}],"author":[{"embeddable":true,"href":"https:\/\/adepepe.org\/site\/wp-json\/wp\/v2\/users\/4"}],"replies":[{"embeddable":true,"href":"https:\/\/adepepe.org\/site\/wp-json\/wp\/v2\/comments?post=1389"}],"version-history":[{"count":3,"href":"https:\/\/adepepe.org\/site\/wp-json\/wp\/v2\/posts\/1389\/revisions"}],"predecessor-version":[{"id":1393,"href":"https:\/\/adepepe.org\/site\/wp-json\/wp\/v2\/posts\/1389\/revisions\/1393"}],"wp:attachment":[{"href":"https:\/\/adepepe.org\/site\/wp-json\/wp\/v2\/media?parent=1389"}],"wp:term":[{"taxonomy":"category","embeddable":true,"href":"https:\/\/adepepe.org\/site\/wp-json\/wp\/v2\/categories?post=1389"},{"taxonomy":"post_tag","embeddable":true,"href":"https:\/\/adepepe.org\/site\/wp-json\/wp\/v2\/tags?post=1389"}],"curies":[{"name":"wp","href":"https:\/\/api.w.org\/{rel}","templated":true}]}}