{"id":1516,"date":"2016-09-01T16:44:25","date_gmt":"2016-09-01T19:44:25","guid":{"rendered":"http:\/\/adepepe.com.br\/site\/?p=1516"},"modified":"2016-11-29T15:54:27","modified_gmt":"2016-11-29T18:54:27","slug":"adepepe-inicia-negociacoes-com-o-defensor-publico-geral","status":"publish","type":"post","link":"https:\/\/adepepe.org\/site\/adepepe-inicia-negociacoes-com-o-defensor-publico-geral\/","title":{"rendered":"ADEPEPE inicia negocia\u00e7\u00f5es de Projeto de Lei com o Defensor P\u00fablico-Geral"},"content":{"rendered":"<p><img loading=\"lazy\" decoding=\"async\" class=\" wp-image-1517 alignnone\" src=\"https:\/\/adepepe.com.br\/site\/wp-content\/uploads\/2016\/09\/DPG_Fabriciio-Reuni\u00e3o-320x320.jpg\" alt=\"DPG_Fabriciio Reuni\u00e3o\" width=\"393\" height=\"393\" \/><\/p>\n<p>O nosso Presidente, Dr. Edmundo Siqueira Campos e o Secret\u00e1rio da ADEPEPE, Dr Jos\u00e9 Rodrigues, estiveram reunidos hoje, &#8211; 1\u00ba de setembro, &#8211; com o Dr Manoel Jer\u00f4nimo, Defensor P\u00fablico-Geral do Estado e com o Dr. Jos\u00e9 Fabricio Lima, Sub-Defensor P\u00fablico-Geral, negociando o envio de Projeto de Lei Complementar \u00e0 Assembl\u00e9ia Legislativa do Estado.<\/p>\n<p>O objetivo \u00e9 propor a reformula\u00e7\u00e3o da legisla\u00e7\u00e3o vigente para eliminar a progress\u00e3o funcional que \u00e9 incompat\u00edvel com a nossa Carreira de Defensor P\u00fablico, incorporar aos vencimentos a gratifica\u00e7\u00e3o remunerat\u00f3ria aplicada \u00e0 base salarial, a adapta\u00e7\u00e3o da nossa lei Org\u00e2nica Estadual para a nova nomenclatura, e a cria\u00e7\u00e3o de uma tabela de substitui\u00e7\u00f5es autom\u00e1ticas compat\u00edvel com o Poder Judici\u00e1rio.<\/p>\n<p>A ADEPEPE est\u00e1 trabalhando em sintonia com a Defensoria P\u00fablica com o intuito de aprimorar nossa legisla\u00e7\u00e3o e bem ainda resguardar nossos direitos constitucionalmente assegurados. Esta foi a primeira reuni\u00e3o sobre o assunto e j\u00e1 determinamos \u00e0 nossa Assessoria Jur\u00eddica para in\u00edciar os estudos necess\u00e1rios e minutar o ante-Projeto de Lei com o fim de dar celeridade a este processo.<\/p>\n","protected":false},"excerpt":{"rendered":"<p>O nosso Presidente, Dr. Edmundo Siqueira Campos e o Secret\u00e1rio da ADEPEPE, Dr Jos\u00e9 Rodrigues, estiveram reunidos hoje, &#8211; 1\u00ba de setembro, &#8211; com o Dr Manoel Jer\u00f4nimo, Defensor P\u00fablico-Geral do Estado e com o Dr. Jos\u00e9 Fabricio Lima, Sub-Defensor P\u00fablico-Geral, negociando o envio de Projeto de Lei Complementar \u00e0 Assembl\u00e9ia Legislativa do Estado. O [&hellip;]<\/p>\n","protected":false},"author":2,"featured_media":711,"comment_status":"open","ping_status":"open","sticky":false,"template":"","format":"standard","meta":{"footnotes":""},"categories":[5],"tags":[16,18],"class_list":["post-1516","post","type-post","status-publish","format-standard","has-post-thumbnail","hentry","category-noticias","tag-adepepe","tag-defensoria"],"_links":{"self":[{"href":"https:\/\/adepepe.org\/site\/wp-json\/wp\/v2\/posts\/1516","targetHints":{"allow":["GET"]}}],"collection":[{"href":"https:\/\/adepepe.org\/site\/wp-json\/wp\/v2\/posts"}],"about":[{"href":"https:\/\/adepepe.org\/site\/wp-json\/wp\/v2\/types\/post"}],"author":[{"embeddable":true,"href":"https:\/\/adepepe.org\/site\/wp-json\/wp\/v2\/users\/2"}],"replies":[{"embeddable":true,"href":"https:\/\/adepepe.org\/site\/wp-json\/wp\/v2\/comments?post=1516"}],"version-history":[{"count":10,"href":"https:\/\/adepepe.org\/site\/wp-json\/wp\/v2\/posts\/1516\/revisions"}],"predecessor-version":[{"id":1529,"href":"https:\/\/adepepe.org\/site\/wp-json\/wp\/v2\/posts\/1516\/revisions\/1529"}],"wp:featuredmedia":[{"embeddable":true,"href":"https:\/\/adepepe.org\/site\/wp-json\/wp\/v2\/media\/711"}],"wp:attachment":[{"href":"https:\/\/adepepe.org\/site\/wp-json\/wp\/v2\/media?parent=1516"}],"wp:term":[{"taxonomy":"category","embeddable":true,"href":"https:\/\/adepepe.org\/site\/wp-json\/wp\/v2\/categories?post=1516"},{"taxonomy":"post_tag","embeddable":true,"href":"https:\/\/adepepe.org\/site\/wp-json\/wp\/v2\/tags?post=1516"}],"curies":[{"name":"wp","href":"https:\/\/api.w.org\/{rel}","templated":true}]}}