{"id":1563,"date":"2016-10-03T10:19:12","date_gmt":"2016-10-03T13:19:12","guid":{"rendered":"http:\/\/adepepe.com.br\/site\/?p=1563"},"modified":"2016-12-12T20:03:14","modified_gmt":"2016-12-12T23:03:14","slug":"adepepe-denuncia-contratacao-temporaria-de-advogados-pelo-governo-do-estado","status":"publish","type":"post","link":"https:\/\/adepepe.org\/site\/adepepe-denuncia-contratacao-temporaria-de-advogados-pelo-governo-do-estado\/","title":{"rendered":"Adepepe denuncia contrata\u00e7\u00e3o tempor\u00e1ria de advogados pelo Governo do Estado"},"content":{"rendered":"<div id=\"attachment_1564\" style=\"width: 575px\" class=\"wp-caption aligncenter\"><img loading=\"lazy\" decoding=\"async\" aria-describedby=\"caption-attachment-1564\" class=\"size-full wp-image-1564\" src=\"https:\/\/adepepe.com.br\/site\/wp-content\/uploads\/2016\/10\/Panfa.jpg\" alt=\"(Foto: Reprodu\u00e7\u00e3o\/NE10)\" width=\"565\" height=\"380\" \/><p id=\"caption-attachment-1564\" class=\"wp-caption-text\">(Foto: Reprodu\u00e7\u00e3o\/NE10)<\/p><\/div>\n<p style=\"text-align: left;\">O Governo de Pernambuco nomeou, neste ano, 46 assessores jur\u00eddicos tempor\u00e1rios para assistirem juridicamente a presos no Estado. A \u00e1rea de atua\u00e7\u00e3o desses profissionais \u00e9, contudo, exclusiva da categoria dos Defensores P\u00fablicos, conforme os artigos 81-A e 81-B da Lei de Execu\u00e7\u00e3o Penal, inseridos pela Lei 12.313\/10. Em rep\u00fadio a essa pol\u00edtica, a Associa\u00e7\u00e3o dos Defensores P\u00fablicos de Pernambuco (Adepepe) enviou uma resposta a of\u00edcio do Minist\u00e9rio P\u00fablico de Contas, que investiga a a\u00e7\u00e3o do executivo estadual, por meio da Secretaria de Ressocializa\u00e7\u00e3o e Direitos Humanos.<\/p>\n<p>Para o presidente da Adepepe, o Defensor P\u00fablico Edmundo Siqueira Campos, \u201cas contrata\u00e7\u00f5es de advogados para presta\u00e7\u00e3o de assist\u00eancia jur\u00eddica gratuita aos presos no \u00e2mbito dos pres\u00eddios do Estado representa uma grave usurpa\u00e7\u00e3o das fun\u00e7\u00f5es dos Defensores P\u00fablicos, na medida em que a Defensoria P\u00fablica \u00e9 o \u00f3rg\u00e3o de Execu\u00e7\u00e3o Penal segundo a legisla\u00e7\u00e3o vigente\u201d.<\/p>\n<p>\u201cO suposto trabalho desses assessores jur\u00eddicos, segundo a LEP, deve ser exercido em sua plenitude pelos Defensores\u201d, posicionou-se Dr. Edmundo. Para o dirigente, o Governo do Estado, atrav\u00e9s do secret\u00e1rio Pedro Eurico, prejudica a soberania da Defensoria P\u00fablica. Ao inv\u00e9s de ter repassado a verba or\u00e7ament\u00e1ria para suprir despesas de programas e atividades previstas em lei, se utiliza da velha pol\u00edtica eleitoreira do apadrinhamento. \u201cAs contrata\u00e7\u00f5es s\u00e3o desnecess\u00e1rias e com cunho pol\u00edtico, que n\u00e3o tem ajudado \u00e0 popula\u00e7\u00e3o\u201d, complementa. Devido a essa a\u00e7\u00e3o, a Defensoria denunciou o Governo do Estado \u00e0 Comiss\u00e3o de Direitos Humanos da Organiza\u00e7\u00e3o dos Estados Americanos (OEA).<\/p>\n<p>Mesmo com um concurso p\u00fablico vigente Defensoria, h\u00e1 a contrata\u00e7\u00e3o prec\u00e1ria dos advogados que est\u00e3o prestando assist\u00eancia jur\u00eddica para Seres. \u201c\u00c9 um ato inconstitucional, irregular e de improbidade administrativa\u201d, finaliza. Na pr\u00f3xima semana, a Defensoria tamb\u00e9m deve se posicionar sobre o tema.<\/p>\n","protected":false},"excerpt":{"rendered":"<p>O Governo de Pernambuco nomeou, neste ano, 46 assessores jur\u00eddicos tempor\u00e1rios para assistirem juridicamente a presos no Estado. A \u00e1rea de atua\u00e7\u00e3o desses profissionais \u00e9, contudo, exclusiva da categoria dos Defensores P\u00fablicos, conforme os artigos 81-A e 81-B da Lei de Execu\u00e7\u00e3o Penal, inseridos pela Lei 12.313\/10. Em rep\u00fadio a essa pol\u00edtica, a Associa\u00e7\u00e3o dos [&hellip;]<\/p>\n","protected":false},"author":4,"featured_media":1564,"comment_status":"open","ping_status":"open","sticky":false,"template":"","format":"standard","meta":{"footnotes":""},"categories":[5],"tags":[16],"class_list":["post-1563","post","type-post","status-publish","format-standard","has-post-thumbnail","hentry","category-noticias","tag-adepepe"],"_links":{"self":[{"href":"https:\/\/adepepe.org\/site\/wp-json\/wp\/v2\/posts\/1563","targetHints":{"allow":["GET"]}}],"collection":[{"href":"https:\/\/adepepe.org\/site\/wp-json\/wp\/v2\/posts"}],"about":[{"href":"https:\/\/adepepe.org\/site\/wp-json\/wp\/v2\/types\/post"}],"author":[{"embeddable":true,"href":"https:\/\/adepepe.org\/site\/wp-json\/wp\/v2\/users\/4"}],"replies":[{"embeddable":true,"href":"https:\/\/adepepe.org\/site\/wp-json\/wp\/v2\/comments?post=1563"}],"version-history":[{"count":3,"href":"https:\/\/adepepe.org\/site\/wp-json\/wp\/v2\/posts\/1563\/revisions"}],"predecessor-version":[{"id":1567,"href":"https:\/\/adepepe.org\/site\/wp-json\/wp\/v2\/posts\/1563\/revisions\/1567"}],"wp:featuredmedia":[{"embeddable":true,"href":"https:\/\/adepepe.org\/site\/wp-json\/wp\/v2\/media\/1564"}],"wp:attachment":[{"href":"https:\/\/adepepe.org\/site\/wp-json\/wp\/v2\/media?parent=1563"}],"wp:term":[{"taxonomy":"category","embeddable":true,"href":"https:\/\/adepepe.org\/site\/wp-json\/wp\/v2\/categories?post=1563"},{"taxonomy":"post_tag","embeddable":true,"href":"https:\/\/adepepe.org\/site\/wp-json\/wp\/v2\/tags?post=1563"}],"curies":[{"name":"wp","href":"https:\/\/api.w.org\/{rel}","templated":true}]}}