{"id":2035,"date":"2017-05-18T13:12:04","date_gmt":"2017-05-18T16:12:04","guid":{"rendered":"https:\/\/adepepe.org\/site\/?p=2035"},"modified":"2017-05-18T13:17:10","modified_gmt":"2017-05-18T16:17:10","slug":"diretora-da-adepepe-recebe-homenagem-pela-dedicacao-a-defensoria-publica","status":"publish","type":"post","link":"https:\/\/adepepe.org\/site\/diretora-da-adepepe-recebe-homenagem-pela-dedicacao-a-defensoria-publica\/","title":{"rendered":"Diretora da Adepepe recebe homenagem pela dedica\u00e7\u00e3o \u00e0 Defensoria P\u00fablica"},"content":{"rendered":"<p><img loading=\"lazy\" decoding=\"async\" class=\"alignleft size-full wp-image-2037\" src=\"https:\/\/adepepe.org\/site\/wp-content\/uploads\/2017\/05\/ec964a26-4272-4790-a2e8-7951c8a968b2.jpg\" alt=\"\" width=\"684\" height=\"513\" \/><\/p>\n<p>&nbsp;<\/p>\n<p>&nbsp;<\/p>\n<p>&nbsp;<\/p>\n<p>&nbsp;<\/p>\n<p>&nbsp;<\/p>\n<p>&nbsp;<\/p>\n<p>&nbsp;<\/p>\n<p>&nbsp;<\/p>\n<p>&nbsp;<\/p>\n<p>&nbsp;<\/p>\n<p>&nbsp;<\/p>\n<p>&nbsp;<\/p>\n<p>&nbsp;<\/p>\n<p>Em reconhecimento ao seu hist\u00f3rico de luta pela constru\u00e7\u00e3o da Defensoria P\u00fablica em Pernambuco, a diretora da Adepepe, Elda Caldas, ser\u00e1 homenageada nesta sexta-feira (19) durante lan\u00e7amento do livro &#8220;Mulheres que mudaram a hist\u00f3ria de Pernambuco&#8221;. A obra conta com narra\u00e7\u00f5es de fatos que aconteceram durante este processo e sua contribui\u00e7\u00e3o para a institui\u00e7\u00e3o. O evento acontece \u00e0s 17 horas no audit\u00f3rio Tabocas, Centro de Conven\u00e7\u00f5es.<\/p>\n","protected":false},"excerpt":{"rendered":"<p>&nbsp; &nbsp; &nbsp; &nbsp; &nbsp; &nbsp; &nbsp; &nbsp; &nbsp; &nbsp; &nbsp; &nbsp; &nbsp; Em reconhecimento ao seu hist\u00f3rico de luta pela constru\u00e7\u00e3o da Defensoria P\u00fablica em Pernambuco, a diretora da Adepepe, Elda Caldas, ser\u00e1 homenageada nesta sexta-feira (19) durante lan\u00e7amento do livro &#8220;Mulheres que mudaram a hist\u00f3ria de Pernambuco&#8221;. A obra conta com narra\u00e7\u00f5es de [&hellip;]<\/p>\n","protected":false},"author":8,"featured_media":2037,"comment_status":"open","ping_status":"open","sticky":false,"template":"","format":"standard","meta":{"footnotes":""},"categories":[5],"tags":[16,7],"class_list":["post-2035","post","type-post","status-publish","format-standard","has-post-thumbnail","hentry","category-noticias","tag-adepepe","tag-destaque"],"_links":{"self":[{"href":"https:\/\/adepepe.org\/site\/wp-json\/wp\/v2\/posts\/2035","targetHints":{"allow":["GET"]}}],"collection":[{"href":"https:\/\/adepepe.org\/site\/wp-json\/wp\/v2\/posts"}],"about":[{"href":"https:\/\/adepepe.org\/site\/wp-json\/wp\/v2\/types\/post"}],"author":[{"embeddable":true,"href":"https:\/\/adepepe.org\/site\/wp-json\/wp\/v2\/users\/8"}],"replies":[{"embeddable":true,"href":"https:\/\/adepepe.org\/site\/wp-json\/wp\/v2\/comments?post=2035"}],"version-history":[{"count":2,"href":"https:\/\/adepepe.org\/site\/wp-json\/wp\/v2\/posts\/2035\/revisions"}],"predecessor-version":[{"id":2038,"href":"https:\/\/adepepe.org\/site\/wp-json\/wp\/v2\/posts\/2035\/revisions\/2038"}],"wp:featuredmedia":[{"embeddable":true,"href":"https:\/\/adepepe.org\/site\/wp-json\/wp\/v2\/media\/2037"}],"wp:attachment":[{"href":"https:\/\/adepepe.org\/site\/wp-json\/wp\/v2\/media?parent=2035"}],"wp:term":[{"taxonomy":"category","embeddable":true,"href":"https:\/\/adepepe.org\/site\/wp-json\/wp\/v2\/categories?post=2035"},{"taxonomy":"post_tag","embeddable":true,"href":"https:\/\/adepepe.org\/site\/wp-json\/wp\/v2\/tags?post=2035"}],"curies":[{"name":"wp","href":"https:\/\/api.w.org\/{rel}","templated":true}]}}