{"id":277,"date":"2015-02-07T13:03:13","date_gmt":"2015-02-07T16:03:13","guid":{"rendered":"http:\/\/adepepe.com.br\/wp\/?p=277"},"modified":"2016-10-25T17:05:42","modified_gmt":"2016-10-25T20:05:42","slug":"muita-folia-no-bloco-carnavalesco-da-adepepe-na-proxima-quinta-feira","status":"publish","type":"post","link":"https:\/\/adepepe.org\/site\/muita-folia-no-bloco-carnavalesco-da-adepepe-na-proxima-quinta-feira\/","title":{"rendered":"Muita folia no bloco carnavalesco da Adepepe na pr\u00f3xima quinta-feira"},"content":{"rendered":"<p style=\"text-align: justify;\"><a href=\"http:\/\/adepepe.com.br\/wp\/wp-content\/uploads\/2015\/02\/unnamed.jpg\"><img loading=\"lazy\" decoding=\"async\" class=\"aligncenter size-full wp-image-278\" src=\"https:\/\/adepepe.com.br\/wp\/wp-content\/uploads\/2015\/02\/unnamed.jpg\" alt=\"Carnaval\" width=\"588\" height=\"330\" \/><\/a><\/p>\n<p style=\"text-align: center;\"><em>Sede \u00a0da Adepepe j\u00e1 est\u00e1 pronta para a divers\u00e3o (Foto.Arquivo\/Associa\u00e7\u00e3o)<\/em><\/p>\n<p style=\"text-align: justify;\">O bloco carnavalesco \u201cPobres na Forma da Lei\u201d, organizado desde 1990 pela Associa\u00e7\u00e3o dos Defensores P\u00fablicos de Pernambuco (Adepepe), em mais uma ano anima as ruas do centro do Recife com muito frevo, maracatu e samba. A agremia\u00e7\u00e3o concentra-se em frente \u00e0 sede da Defensoria P\u00fablica, na rua Marqu\u00eas de Amorim, na Boa Vista, por volta das 14h da pr\u00f3xima quinta (12).<\/p>\n<p style=\"text-align: justify;\">De l\u00e1, defensores e todos os que comp\u00f5em o esse \u00f3rg\u00e3o que luta por justi\u00e7a social e pela defesa dos mais humildes comemoram, com alegria e irrever\u00eancia, as festas de Momo que est\u00e3o por vir. Os foli\u00f5es v\u00e3o desfilar pelas ruas do centro at\u00e9 a sede da Adepepe, situada na rua Desembargador Ant\u00f4nio Guimar\u00e3es, 87 , Ilha do Leite. Os foli\u00f5es ser\u00e3o recebidos com ainda mais m\u00fasica e uma bela feijoada para recarregar as baterias. Venham com suas fantasias e alegria! \u00c9 carnaval na Adepepe.<\/p>\n<p style=\"text-align: justify;\">\n","protected":false},"excerpt":{"rendered":"<p>Sede \u00a0da Adepepe j\u00e1 est\u00e1 pronta para a divers\u00e3o (Foto.Arquivo\/Associa\u00e7\u00e3o) O bloco carnavalesco \u201cPobres na Forma da Lei\u201d, organizado desde 1990 pela Associa\u00e7\u00e3o dos Defensores P\u00fablicos de Pernambuco (Adepepe), em mais uma ano anima as ruas do centro do Recife com muito frevo, maracatu e samba. A agremia\u00e7\u00e3o concentra-se em frente \u00e0 sede da Defensoria [&hellip;]<\/p>\n","protected":false},"author":2,"featured_media":0,"comment_status":"closed","ping_status":"closed","sticky":false,"template":"","format":"standard","meta":{"footnotes":""},"categories":[5],"tags":[16],"class_list":["post-277","post","type-post","status-publish","format-standard","hentry","category-noticias","tag-adepepe"],"_links":{"self":[{"href":"https:\/\/adepepe.org\/site\/wp-json\/wp\/v2\/posts\/277","targetHints":{"allow":["GET"]}}],"collection":[{"href":"https:\/\/adepepe.org\/site\/wp-json\/wp\/v2\/posts"}],"about":[{"href":"https:\/\/adepepe.org\/site\/wp-json\/wp\/v2\/types\/post"}],"author":[{"embeddable":true,"href":"https:\/\/adepepe.org\/site\/wp-json\/wp\/v2\/users\/2"}],"replies":[{"embeddable":true,"href":"https:\/\/adepepe.org\/site\/wp-json\/wp\/v2\/comments?post=277"}],"version-history":[{"count":1,"href":"https:\/\/adepepe.org\/site\/wp-json\/wp\/v2\/posts\/277\/revisions"}],"predecessor-version":[{"id":283,"href":"https:\/\/adepepe.org\/site\/wp-json\/wp\/v2\/posts\/277\/revisions\/283"}],"wp:attachment":[{"href":"https:\/\/adepepe.org\/site\/wp-json\/wp\/v2\/media?parent=277"}],"wp:term":[{"taxonomy":"category","embeddable":true,"href":"https:\/\/adepepe.org\/site\/wp-json\/wp\/v2\/categories?post=277"},{"taxonomy":"post_tag","embeddable":true,"href":"https:\/\/adepepe.org\/site\/wp-json\/wp\/v2\/tags?post=277"}],"curies":[{"name":"wp","href":"https:\/\/api.w.org\/{rel}","templated":true}]}}