{"id":2928,"date":"2018-05-25T13:49:10","date_gmt":"2018-05-25T16:49:10","guid":{"rendered":"https:\/\/adepepe.org\/site\/?p=2928"},"modified":"2018-05-25T13:49:10","modified_gmt":"2018-05-25T16:49:10","slug":"novo-defensor-publico-geral-toma-posse-nesta-segunda-feira-28","status":"publish","type":"post","link":"https:\/\/adepepe.org\/site\/novo-defensor-publico-geral-toma-posse-nesta-segunda-feira-28\/","title":{"rendered":"Novo Defensor P\u00fablico-Geral toma posse nesta segunda-feira (28)"},"content":{"rendered":"<p>Adepepe informa &#8211; Nesta segunda-feira (28\/05), acontece\u00a0a posse do novo Defensor P\u00fablico-Geral. O evento acontece \u00e0s\u00a014 horas, na sede da defensoria, localizada na rua Marqu\u00eas \u00a0do Amorim, 127, Boa Vista.<\/p>\n<p>Na \u00faltima quarta-feira (23\/05), o governador Paulo C\u00e2mara assinou a nomea\u00e7\u00e3o de Jos\u00e9 Fabr\u00edcio Silva de Lima como o novo Defensor P\u00fablico-Geral de Pernambuco, para o Bi\u00eanio 2018\/2020. O novo dirigente foi o mais votado na elei\u00e7\u00e3o que definiu a lista tr\u00edplice para o cargo, realizada pelos integrantes da Defensoria P\u00fablica na \u00faltima segunda-feira (21\/05).<\/p>\n","protected":false},"excerpt":{"rendered":"<p>Adepepe informa &#8211; Nesta segunda-feira (28\/05), acontece\u00a0a posse do novo Defensor P\u00fablico-Geral. O evento acontece \u00e0s\u00a014 horas, na sede da defensoria, localizada na rua Marqu\u00eas \u00a0do Amorim, 127, Boa Vista. Na \u00faltima quarta-feira (23\/05), o governador Paulo C\u00e2mara assinou a nomea\u00e7\u00e3o de Jos\u00e9 Fabr\u00edcio Silva de Lima como o novo Defensor P\u00fablico-Geral de Pernambuco, para [&hellip;]<\/p>\n","protected":false},"author":8,"featured_media":0,"comment_status":"open","ping_status":"open","sticky":false,"template":"","format":"standard","meta":{"footnotes":""},"categories":[5],"tags":[],"class_list":["post-2928","post","type-post","status-publish","format-standard","hentry","category-noticias"],"_links":{"self":[{"href":"https:\/\/adepepe.org\/site\/wp-json\/wp\/v2\/posts\/2928","targetHints":{"allow":["GET"]}}],"collection":[{"href":"https:\/\/adepepe.org\/site\/wp-json\/wp\/v2\/posts"}],"about":[{"href":"https:\/\/adepepe.org\/site\/wp-json\/wp\/v2\/types\/post"}],"author":[{"embeddable":true,"href":"https:\/\/adepepe.org\/site\/wp-json\/wp\/v2\/users\/8"}],"replies":[{"embeddable":true,"href":"https:\/\/adepepe.org\/site\/wp-json\/wp\/v2\/comments?post=2928"}],"version-history":[{"count":1,"href":"https:\/\/adepepe.org\/site\/wp-json\/wp\/v2\/posts\/2928\/revisions"}],"predecessor-version":[{"id":2929,"href":"https:\/\/adepepe.org\/site\/wp-json\/wp\/v2\/posts\/2928\/revisions\/2929"}],"wp:attachment":[{"href":"https:\/\/adepepe.org\/site\/wp-json\/wp\/v2\/media?parent=2928"}],"wp:term":[{"taxonomy":"category","embeddable":true,"href":"https:\/\/adepepe.org\/site\/wp-json\/wp\/v2\/categories?post=2928"},{"taxonomy":"post_tag","embeddable":true,"href":"https:\/\/adepepe.org\/site\/wp-json\/wp\/v2\/tags?post=2928"}],"curies":[{"name":"wp","href":"https:\/\/api.w.org\/{rel}","templated":true}]}}