{"id":3191,"date":"2018-09-25T12:25:30","date_gmt":"2018-09-25T15:25:30","guid":{"rendered":"https:\/\/adepepe.org\/site\/?p=3191"},"modified":"2018-09-25T12:39:33","modified_gmt":"2018-09-25T15:39:33","slug":"adepepe-recebe-presidente-da-alepe","status":"publish","type":"post","link":"https:\/\/adepepe.org\/site\/adepepe-recebe-presidente-da-alepe\/","title":{"rendered":"Adepepe recebe visita dos deputados Eriberto Medeiros e Henrique Queiroz"},"content":{"rendered":"\n\t\t<style type=\"text\/css\">\n\t\t\t#gallery-1 {\n\t\t\t\tmargin: auto;\n\t\t\t}\n\t\t\t#gallery-1 .gallery-item {\n\t\t\t\tfloat: left;\n\t\t\t\tmargin-top: 10px;\n\t\t\t\ttext-align: center;\n\t\t\t\twidth: 25%;\n\t\t\t}\n\t\t\t#gallery-1 img {\n\t\t\t\tborder: 2px solid #cfcfcf;\n\t\t\t}\n\t\t\t#gallery-1 .gallery-caption {\n\t\t\t\tmargin-left: 0;\n\t\t\t}\n\t\t\t\/* see gallery_shortcode() in wp-includes\/media.php *\/\n\t\t<\/style>\n\t\t<div id='gallery-1' class='gallery galleryid-3191 gallery-columns-4 gallery-size-thumbnail'><dl class='gallery-item'>\n\t\t\t<dt class='gallery-icon landscape'>\n\t\t\t\t<a href='https:\/\/adepepe.org\/site\/adepepe-recebe-presidente-da-alepe\/whatsapp-image-2018-09-25-at-11-58-19-1\/'><img loading=\"lazy\" decoding=\"async\" width=\"320\" height=\"320\" src=\"https:\/\/adepepe.org\/site\/wp-content\/uploads\/2018\/09\/WhatsApp-Image-2018-09-25-at-11.58.19-1-320x320.jpeg\" class=\"attachment-thumbnail size-thumbnail\" alt=\"\" \/><\/a>\n\t\t\t<\/dt><\/dl><dl class='gallery-item'>\n\t\t\t<dt class='gallery-icon landscape'>\n\t\t\t\t<a href='https:\/\/adepepe.org\/site\/adepepe-recebe-presidente-da-alepe\/whatsapp-image-2018-09-25-at-11-58-19\/'><img loading=\"lazy\" decoding=\"async\" width=\"320\" height=\"320\" src=\"https:\/\/adepepe.org\/site\/wp-content\/uploads\/2018\/09\/WhatsApp-Image-2018-09-25-at-11.58.19-320x320.jpeg\" class=\"attachment-thumbnail size-thumbnail\" alt=\"\" \/><\/a>\n\t\t\t<\/dt><\/dl><dl class='gallery-item'>\n\t\t\t<dt class='gallery-icon landscape'>\n\t\t\t\t<a href='https:\/\/adepepe.org\/site\/adepepe-recebe-presidente-da-alepe\/whatsapp-image-2018-09-25-at-11-58-16\/'><img loading=\"lazy\" decoding=\"async\" width=\"320\" height=\"320\" src=\"https:\/\/adepepe.org\/site\/wp-content\/uploads\/2018\/09\/WhatsApp-Image-2018-09-25-at-11.58.16-320x320.jpeg\" class=\"attachment-thumbnail size-thumbnail\" alt=\"\" \/><\/a>\n\t\t\t<\/dt><\/dl><dl class='gallery-item'>\n\t\t\t<dt class='gallery-icon landscape'>\n\t\t\t\t<a href='https:\/\/adepepe.org\/site\/adepepe-recebe-presidente-da-alepe\/whatsapp-image-2018-09-25-at-11-58-15\/'><img loading=\"lazy\" decoding=\"async\" width=\"320\" height=\"320\" src=\"https:\/\/adepepe.org\/site\/wp-content\/uploads\/2018\/09\/WhatsApp-Image-2018-09-25-at-11.58.15-320x320.jpeg\" class=\"attachment-thumbnail size-thumbnail\" alt=\"\" \/><\/a>\n\t\t\t<\/dt><\/dl><br style=\"clear: both\" \/><dl class='gallery-item'>\n\t\t\t<dt class='gallery-icon landscape'>\n\t\t\t\t<a href='https:\/\/adepepe.org\/site\/adepepe-recebe-presidente-da-alepe\/whatsapp-image-2018-09-25-at-11-58-13\/'><img loading=\"lazy\" decoding=\"async\" width=\"320\" height=\"320\" src=\"https:\/\/adepepe.org\/site\/wp-content\/uploads\/2018\/09\/WhatsApp-Image-2018-09-25-at-11.58.13-320x320.jpeg\" class=\"attachment-thumbnail size-thumbnail\" alt=\"\" \/><\/a>\n\t\t\t<\/dt><\/dl><dl class='gallery-item'>\n\t\t\t<dt class='gallery-icon landscape'>\n\t\t\t\t<a href='https:\/\/adepepe.org\/site\/adepepe-recebe-presidente-da-alepe\/whatsapp-image-2018-09-25-at-11-58-11-1\/'><img loading=\"lazy\" decoding=\"async\" width=\"320\" height=\"320\" src=\"https:\/\/adepepe.org\/site\/wp-content\/uploads\/2018\/09\/WhatsApp-Image-2018-09-25-at-11.58.11-1-320x320.jpeg\" class=\"attachment-thumbnail size-thumbnail\" alt=\"\" \/><\/a>\n\t\t\t<\/dt><\/dl><dl class='gallery-item'>\n\t\t\t<dt class='gallery-icon landscape'>\n\t\t\t\t<a href='https:\/\/adepepe.org\/site\/adepepe-recebe-presidente-da-alepe\/whatsapp-image-2018-09-25-at-11-58-11\/'><img loading=\"lazy\" decoding=\"async\" width=\"320\" height=\"320\" src=\"https:\/\/adepepe.org\/site\/wp-content\/uploads\/2018\/09\/WhatsApp-Image-2018-09-25-at-11.58.11-320x320.jpeg\" class=\"attachment-thumbnail size-thumbnail\" alt=\"\" \/><\/a>\n\t\t\t<\/dt><\/dl><dl class='gallery-item'>\n\t\t\t<dt class='gallery-icon landscape'>\n\t\t\t\t<a href='https:\/\/adepepe.org\/site\/adepepe-recebe-presidente-da-alepe\/whatsapp-image-2018-09-25-at-11-58-10\/'><img loading=\"lazy\" decoding=\"async\" width=\"320\" height=\"320\" src=\"https:\/\/adepepe.org\/site\/wp-content\/uploads\/2018\/09\/WhatsApp-Image-2018-09-25-at-11.58.10-320x320.jpeg\" class=\"attachment-thumbnail size-thumbnail\" alt=\"\" \/><\/a>\n\t\t\t<\/dt><\/dl><br style=\"clear: both\" \/><dl class='gallery-item'>\n\t\t\t<dt class='gallery-icon portrait'>\n\t\t\t\t<a href='https:\/\/adepepe.org\/site\/adepepe-recebe-presidente-da-alepe\/whatsapp-image-2018-09-25-at-11-58-08-1\/'><img loading=\"lazy\" decoding=\"async\" width=\"320\" height=\"320\" src=\"https:\/\/adepepe.org\/site\/wp-content\/uploads\/2018\/09\/WhatsApp-Image-2018-09-25-at-11.58.08-1-320x320.jpeg\" class=\"attachment-thumbnail size-thumbnail\" alt=\"\" \/><\/a>\n\t\t\t<\/dt><\/dl><dl class='gallery-item'>\n\t\t\t<dt class='gallery-icon landscape'>\n\t\t\t\t<a href='https:\/\/adepepe.org\/site\/adepepe-recebe-presidente-da-alepe\/whatsapp-image-2018-09-25-at-11-58-08\/'><img loading=\"lazy\" decoding=\"async\" width=\"320\" height=\"320\" src=\"https:\/\/adepepe.org\/site\/wp-content\/uploads\/2018\/09\/WhatsApp-Image-2018-09-25-at-11.58.08-320x320.jpeg\" class=\"attachment-thumbnail size-thumbnail\" alt=\"\" \/><\/a>\n\t\t\t<\/dt><\/dl><dl class='gallery-item'>\n\t\t\t<dt class='gallery-icon landscape'>\n\t\t\t\t<a href='https:\/\/adepepe.org\/site\/adepepe-recebe-presidente-da-alepe\/whatsapp-image-2018-09-25-at-11-58-10-1\/'><img loading=\"lazy\" decoding=\"async\" width=\"320\" height=\"320\" src=\"https:\/\/adepepe.org\/site\/wp-content\/uploads\/2018\/09\/WhatsApp-Image-2018-09-25-at-11.58.10-1-320x320.jpeg\" class=\"attachment-thumbnail size-thumbnail\" alt=\"\" \/><\/a>\n\t\t\t<\/dt><\/dl><dl class='gallery-item'>\n\t\t\t<dt class='gallery-icon portrait'>\n\t\t\t\t<a href='https:\/\/adepepe.org\/site\/adepepe-recebe-presidente-da-alepe\/whatsapp-image-2018-09-25-at-11-58-15-1\/'><img loading=\"lazy\" decoding=\"async\" width=\"320\" height=\"320\" src=\"https:\/\/adepepe.org\/site\/wp-content\/uploads\/2018\/09\/WhatsApp-Image-2018-09-25-at-11.58.15-1-320x320.jpeg\" class=\"attachment-thumbnail size-thumbnail\" alt=\"\" \/><\/a>\n\t\t\t<\/dt><\/dl><br style=\"clear: both\" \/>\n\t\t<\/div>\n\n<p>Nesta ter\u00e7a-feira (25\/9), o presidente da Associa\u00e7\u00e3o dos Defensores P\u00fablicos do Estado de Pernambuco (Adepepe), Edmundo Siqueira Campos, recebeu o presidente da Assembleia Legislativa de Pernambuco (Alepe), deputado Eriberto Medeiros, e o autor do Projeto de Lei que trata dos subs\u00eddios, deputado Henrique Queiroz, para um caf\u00e9 da manh\u00e3 na sede da associa\u00e7\u00e3o.<\/p>\n<p>Na ocasi\u00e3o, foi apresentado e debatido o Projeto de lei dos subs\u00eddios e outros temas de interesse da Defensoria P\u00fablica. O evento, prestigiado por n\u00famero expressivo de associados, foi mais um passo dado pela Adepepe em busca de melhoria e desenvolvimento da Defensoria P\u00fablica do Estado e de valoriza\u00e7\u00e3o dos defensores.<\/p>\n","protected":false},"excerpt":{"rendered":"<p>Nesta ter\u00e7a-feira (25\/9), o presidente da Associa\u00e7\u00e3o dos Defensores P\u00fablicos do Estado de Pernambuco (Adepepe), Edmundo Siqueira Campos, recebeu o presidente da Assembleia Legislativa de Pernambuco (Alepe), deputado Eriberto Medeiros, e o autor do Projeto de Lei que trata dos subs\u00eddios, deputado Henrique Queiroz, para um caf\u00e9 da manh\u00e3 na sede da associa\u00e7\u00e3o. Na ocasi\u00e3o, [&hellip;]<\/p>\n","protected":false},"author":8,"featured_media":0,"comment_status":"open","ping_status":"open","sticky":false,"template":"","format":"standard","meta":{"footnotes":""},"categories":[5],"tags":[7],"class_list":["post-3191","post","type-post","status-publish","format-standard","hentry","category-noticias","tag-destaque"],"_links":{"self":[{"href":"https:\/\/adepepe.org\/site\/wp-json\/wp\/v2\/posts\/3191","targetHints":{"allow":["GET"]}}],"collection":[{"href":"https:\/\/adepepe.org\/site\/wp-json\/wp\/v2\/posts"}],"about":[{"href":"https:\/\/adepepe.org\/site\/wp-json\/wp\/v2\/types\/post"}],"author":[{"embeddable":true,"href":"https:\/\/adepepe.org\/site\/wp-json\/wp\/v2\/users\/8"}],"replies":[{"embeddable":true,"href":"https:\/\/adepepe.org\/site\/wp-json\/wp\/v2\/comments?post=3191"}],"version-history":[{"count":6,"href":"https:\/\/adepepe.org\/site\/wp-json\/wp\/v2\/posts\/3191\/revisions"}],"predecessor-version":[{"id":3210,"href":"https:\/\/adepepe.org\/site\/wp-json\/wp\/v2\/posts\/3191\/revisions\/3210"}],"wp:attachment":[{"href":"https:\/\/adepepe.org\/site\/wp-json\/wp\/v2\/media?parent=3191"}],"wp:term":[{"taxonomy":"category","embeddable":true,"href":"https:\/\/adepepe.org\/site\/wp-json\/wp\/v2\/categories?post=3191"},{"taxonomy":"post_tag","embeddable":true,"href":"https:\/\/adepepe.org\/site\/wp-json\/wp\/v2\/tags?post=3191"}],"curies":[{"name":"wp","href":"https:\/\/api.w.org\/{rel}","templated":true}]}}