{"id":3247,"date":"2018-10-26T19:06:18","date_gmt":"2018-10-26T22:06:18","guid":{"rendered":"https:\/\/adepepe.org\/site\/?p=3247"},"modified":"2018-10-26T19:06:18","modified_gmt":"2018-10-26T22:06:18","slug":"confira-as-fotos-do-almoco-dos-associados-do-mes-de-outubro","status":"publish","type":"post","link":"https:\/\/adepepe.org\/site\/confira-as-fotos-do-almoco-dos-associados-do-mes-de-outubro\/","title":{"rendered":"Confira as fotos do almo\u00e7o dos associados do m\u00eas de outubro"},"content":{"rendered":"<p>Com tema o Outubro Rosa, em apoio \u00e0 campanha \u00a0de preven\u00e7\u00e3o ao c\u00e2ncer de mama, a Adepepe celebrou o anivers\u00e1rio de seus associados que nasceram no m\u00eas de outubro. Confira as fotos do almo\u00e7o:<\/p>\n\n\t\t<style type=\"text\/css\">\n\t\t\t#gallery-1 {\n\t\t\t\tmargin: auto;\n\t\t\t}\n\t\t\t#gallery-1 .gallery-item {\n\t\t\t\tfloat: left;\n\t\t\t\tmargin-top: 10px;\n\t\t\t\ttext-align: center;\n\t\t\t\twidth: 33%;\n\t\t\t}\n\t\t\t#gallery-1 img {\n\t\t\t\tborder: 2px solid #cfcfcf;\n\t\t\t}\n\t\t\t#gallery-1 .gallery-caption {\n\t\t\t\tmargin-left: 0;\n\t\t\t}\n\t\t\t\/* see gallery_shortcode() in wp-includes\/media.php *\/\n\t\t<\/style>\n\t\t<div id='gallery-1' class='gallery galleryid-3247 gallery-columns-3 gallery-size-thumbnail'><dl class='gallery-item'>\n\t\t\t<dt class='gallery-icon landscape'>\n\t\t\t\t<a href='https:\/\/adepepe.org\/site\/confira-as-fotos-do-almoco-dos-associados-do-mes-de-outubro\/721b5e9f-70f4-4eeb-b4c2-d2935ebbd228\/'><img loading=\"lazy\" decoding=\"async\" width=\"320\" height=\"320\" src=\"https:\/\/adepepe.org\/site\/wp-content\/uploads\/2018\/10\/721B5E9F-70F4-4EEB-B4C2-D2935EBBD228-320x320.jpeg\" class=\"attachment-thumbnail size-thumbnail\" alt=\"\" \/><\/a>\n\t\t\t<\/dt><\/dl><dl class='gallery-item'>\n\t\t\t<dt class='gallery-icon landscape'>\n\t\t\t\t<a href='https:\/\/adepepe.org\/site\/confira-as-fotos-do-almoco-dos-associados-do-mes-de-outubro\/239c31de-af2e-4cf1-919b-643eff70dd50\/'><img loading=\"lazy\" decoding=\"async\" width=\"320\" height=\"320\" src=\"https:\/\/adepepe.org\/site\/wp-content\/uploads\/2018\/10\/239C31DE-AF2E-4CF1-919B-643EFF70DD50-320x320.jpeg\" class=\"attachment-thumbnail size-thumbnail\" alt=\"\" \/><\/a>\n\t\t\t<\/dt><\/dl><dl class='gallery-item'>\n\t\t\t<dt class='gallery-icon portrait'>\n\t\t\t\t<a href='https:\/\/adepepe.org\/site\/confira-as-fotos-do-almoco-dos-associados-do-mes-de-outubro\/fcbadac9-950a-4d61-aa22-1f9e057d4585\/'><img loading=\"lazy\" decoding=\"async\" width=\"320\" height=\"320\" src=\"https:\/\/adepepe.org\/site\/wp-content\/uploads\/2018\/10\/FCBADAC9-950A-4D61-AA22-1F9E057D4585-e1540590935762-320x320.jpeg\" class=\"attachment-thumbnail size-thumbnail\" alt=\"\" \/><\/a>\n\t\t\t<\/dt><\/dl><br style=\"clear: both\" \/><dl class='gallery-item'>\n\t\t\t<dt class='gallery-icon portrait'>\n\t\t\t\t<a href='https:\/\/adepepe.org\/site\/confira-as-fotos-do-almoco-dos-associados-do-mes-de-outubro\/12890e4a-6fac-40fd-9c58-ba357095f2fe\/'><img loading=\"lazy\" decoding=\"async\" width=\"320\" height=\"320\" src=\"https:\/\/adepepe.org\/site\/wp-content\/uploads\/2018\/10\/12890E4A-6FAC-40FD-9C58-BA357095F2FE-e1540590965464-320x320.jpeg\" class=\"attachment-thumbnail size-thumbnail\" alt=\"\" \/><\/a>\n\t\t\t<\/dt><\/dl><dl class='gallery-item'>\n\t\t\t<dt class='gallery-icon portrait'>\n\t\t\t\t<a href='https:\/\/adepepe.org\/site\/confira-as-fotos-do-almoco-dos-associados-do-mes-de-outubro\/3bab2b1e-076d-43c8-b410-33b6ad140a46\/'><img loading=\"lazy\" decoding=\"async\" width=\"320\" height=\"320\" src=\"https:\/\/adepepe.org\/site\/wp-content\/uploads\/2018\/10\/3BAB2B1E-076D-43C8-B410-33B6AD140A46-e1540590910327-320x320.jpeg\" class=\"attachment-thumbnail size-thumbnail\" alt=\"\" \/><\/a>\n\t\t\t<\/dt><\/dl><dl class='gallery-item'>\n\t\t\t<dt class='gallery-icon landscape'>\n\t\t\t\t<a href='https:\/\/adepepe.org\/site\/confira-as-fotos-do-almoco-dos-associados-do-mes-de-outubro\/2dbf4b3c-5128-4d91-84a3-bac4bdcbace4\/'><img loading=\"lazy\" decoding=\"async\" width=\"320\" height=\"320\" src=\"https:\/\/adepepe.org\/site\/wp-content\/uploads\/2018\/10\/2DBF4B3C-5128-4D91-84A3-BAC4BDCBACE4-320x320.jpeg\" class=\"attachment-thumbnail size-thumbnail\" alt=\"\" \/><\/a>\n\t\t\t<\/dt><\/dl><br style=\"clear: both\" \/><dl class='gallery-item'>\n\t\t\t<dt class='gallery-icon landscape'>\n\t\t\t\t<a href='https:\/\/adepepe.org\/site\/confira-as-fotos-do-almoco-dos-associados-do-mes-de-outubro\/a058088b-a0a2-4113-8af4-943116278ae5\/'><img loading=\"lazy\" decoding=\"async\" width=\"320\" height=\"320\" src=\"https:\/\/adepepe.org\/site\/wp-content\/uploads\/2018\/10\/A058088B-A0A2-4113-8AF4-943116278AE5-320x320.jpeg\" class=\"attachment-thumbnail size-thumbnail\" alt=\"\" \/><\/a>\n\t\t\t<\/dt><\/dl><dl class='gallery-item'>\n\t\t\t<dt class='gallery-icon landscape'>\n\t\t\t\t<a href='https:\/\/adepepe.org\/site\/confira-as-fotos-do-almoco-dos-associados-do-mes-de-outubro\/efffb572-5205-4828-baf4-be100b8431a7\/'><img loading=\"lazy\" decoding=\"async\" width=\"320\" height=\"320\" src=\"https:\/\/adepepe.org\/site\/wp-content\/uploads\/2018\/10\/EFFFB572-5205-4828-BAF4-BE100B8431A7-320x320.jpeg\" class=\"attachment-thumbnail size-thumbnail\" alt=\"\" \/><\/a>\n\t\t\t<\/dt><\/dl><dl class='gallery-item'>\n\t\t\t<dt class='gallery-icon portrait'>\n\t\t\t\t<a href='https:\/\/adepepe.org\/site\/confira-as-fotos-do-almoco-dos-associados-do-mes-de-outubro\/9f81d06d-0cff-4335-b97d-b63ee8b50f50\/'><img loading=\"lazy\" decoding=\"async\" width=\"320\" height=\"320\" src=\"https:\/\/adepepe.org\/site\/wp-content\/uploads\/2018\/10\/9F81D06D-0CFF-4335-B97D-B63EE8B50F50-e1540590992602-320x320.jpeg\" class=\"attachment-thumbnail size-thumbnail\" alt=\"\" \/><\/a>\n\t\t\t<\/dt><\/dl><br style=\"clear: both\" \/><dl class='gallery-item'>\n\t\t\t<dt class='gallery-icon landscape'>\n\t\t\t\t<a href='https:\/\/adepepe.org\/site\/confira-as-fotos-do-almoco-dos-associados-do-mes-de-outubro\/8a34e8ff-a805-4f62-889f-1cde143ac2ac\/'><img loading=\"lazy\" decoding=\"async\" width=\"320\" height=\"320\" src=\"https:\/\/adepepe.org\/site\/wp-content\/uploads\/2018\/10\/8A34E8FF-A805-4F62-889F-1CDE143AC2AC-320x320.jpeg\" class=\"attachment-thumbnail size-thumbnail\" alt=\"\" \/><\/a>\n\t\t\t<\/dt><\/dl><dl class='gallery-item'>\n\t\t\t<dt class='gallery-icon landscape'>\n\t\t\t\t<a href='https:\/\/adepepe.org\/site\/confira-as-fotos-do-almoco-dos-associados-do-mes-de-outubro\/71a9b44b-b0e2-43af-a0c0-0eaf92f38822\/'><img loading=\"lazy\" decoding=\"async\" width=\"320\" height=\"320\" src=\"https:\/\/adepepe.org\/site\/wp-content\/uploads\/2018\/10\/71A9B44B-B0E2-43AF-A0C0-0EAF92F38822-e1540591299163-320x320.jpeg\" class=\"attachment-thumbnail size-thumbnail\" alt=\"\" srcset=\"https:\/\/adepepe.org\/site\/wp-content\/uploads\/2018\/10\/71A9B44B-B0E2-43AF-A0C0-0EAF92F38822-e1540591299163-320x320.jpeg 320w, https:\/\/adepepe.org\/site\/wp-content\/uploads\/2018\/10\/71A9B44B-B0E2-43AF-A0C0-0EAF92F38822-e1540591299163-770x770.jpeg 770w, https:\/\/adepepe.org\/site\/wp-content\/uploads\/2018\/10\/71A9B44B-B0E2-43AF-A0C0-0EAF92F38822-e1540591299163-768x768.jpeg 768w, https:\/\/adepepe.org\/site\/wp-content\/uploads\/2018\/10\/71A9B44B-B0E2-43AF-A0C0-0EAF92F38822-e1540591299163-1024x1024.jpeg 1024w\" sizes=\"auto, (max-width: 320px) 100vw, 320px\" \/><\/a>\n\t\t\t<\/dt><\/dl><dl class='gallery-item'>\n\t\t\t<dt class='gallery-icon portrait'>\n\t\t\t\t<a href='https:\/\/adepepe.org\/site\/confira-as-fotos-do-almoco-dos-associados-do-mes-de-outubro\/5c476fcb-ad77-4373-89f9-f6b5dbe62218\/'><img loading=\"lazy\" decoding=\"async\" width=\"320\" height=\"320\" src=\"https:\/\/adepepe.org\/site\/wp-content\/uploads\/2018\/10\/5C476FCB-AD77-4373-89F9-F6B5DBE62218-e1540591075955-320x320.jpeg\" class=\"attachment-thumbnail size-thumbnail\" alt=\"\" \/><\/a>\n\t\t\t<\/dt><\/dl><br style=\"clear: both\" \/><dl class='gallery-item'>\n\t\t\t<dt class='gallery-icon portrait'>\n\t\t\t\t<a href='https:\/\/adepepe.org\/site\/confira-as-fotos-do-almoco-dos-associados-do-mes-de-outubro\/e8c98170-b6b8-4f0c-a827-f896976cb6a7\/'><img loading=\"lazy\" decoding=\"async\" width=\"320\" height=\"320\" src=\"https:\/\/adepepe.org\/site\/wp-content\/uploads\/2018\/10\/E8C98170-B6B8-4F0C-A827-F896976CB6A7-e1540591048326-320x320.jpeg\" class=\"attachment-thumbnail size-thumbnail\" alt=\"\" \/><\/a>\n\t\t\t<\/dt><\/dl><dl class='gallery-item'>\n\t\t\t<dt class='gallery-icon landscape'>\n\t\t\t\t<a href='https:\/\/adepepe.org\/site\/confira-as-fotos-do-almoco-dos-associados-do-mes-de-outubro\/11e8f5c4-cd70-4093-8982-78eda19d7b44\/'><img loading=\"lazy\" decoding=\"async\" width=\"320\" height=\"320\" src=\"https:\/\/adepepe.org\/site\/wp-content\/uploads\/2018\/10\/11E8F5C4-CD70-4093-8982-78EDA19D7B44-320x320.jpeg\" class=\"attachment-thumbnail size-thumbnail\" alt=\"\" \/><\/a>\n\t\t\t<\/dt><\/dl><dl class='gallery-item'>\n\t\t\t<dt class='gallery-icon portrait'>\n\t\t\t\t<a href='https:\/\/adepepe.org\/site\/confira-as-fotos-do-almoco-dos-associados-do-mes-de-outubro\/f0f62c42-ae8c-4972-b0ea-358c1eada077\/'><img loading=\"lazy\" decoding=\"async\" width=\"320\" height=\"320\" src=\"https:\/\/adepepe.org\/site\/wp-content\/uploads\/2018\/10\/F0F62C42-AE8C-4972-B0EA-358C1EADA077-e1540590288341-320x320.jpeg\" class=\"attachment-thumbnail size-thumbnail\" alt=\"\" \/><\/a>\n\t\t\t<\/dt><\/dl><br style=\"clear: both\" \/><dl class='gallery-item'>\n\t\t\t<dt class='gallery-icon portrait'>\n\t\t\t\t<a href='https:\/\/adepepe.org\/site\/confira-as-fotos-do-almoco-dos-associados-do-mes-de-outubro\/40d87ef9-601f-4741-8118-49c4fc4cf4e5\/'><img loading=\"lazy\" decoding=\"async\" width=\"320\" height=\"320\" src=\"https:\/\/adepepe.org\/site\/wp-content\/uploads\/2018\/10\/40D87EF9-601F-4741-8118-49C4FC4CF4E5-e1540590379935-320x320.jpeg\" class=\"attachment-thumbnail size-thumbnail\" alt=\"\" \/><\/a>\n\t\t\t<\/dt><\/dl>\n\t\t\t<br style='clear: both' \/>\n\t\t<\/div>\n\n<p>&nbsp;<\/p>\n","protected":false},"excerpt":{"rendered":"<p>Com tema o Outubro Rosa, em apoio \u00e0 campanha \u00a0de preven\u00e7\u00e3o ao c\u00e2ncer de mama, a Adepepe celebrou o anivers\u00e1rio de seus associados que nasceram no m\u00eas de outubro. Confira as fotos do almo\u00e7o: &nbsp;<\/p>\n","protected":false},"author":8,"featured_media":3266,"comment_status":"open","ping_status":"open","sticky":false,"template":"","format":"standard","meta":{"footnotes":""},"categories":[5],"tags":[7],"class_list":["post-3247","post","type-post","status-publish","format-standard","has-post-thumbnail","hentry","category-noticias","tag-destaque"],"_links":{"self":[{"href":"https:\/\/adepepe.org\/site\/wp-json\/wp\/v2\/posts\/3247","targetHints":{"allow":["GET"]}}],"collection":[{"href":"https:\/\/adepepe.org\/site\/wp-json\/wp\/v2\/posts"}],"about":[{"href":"https:\/\/adepepe.org\/site\/wp-json\/wp\/v2\/types\/post"}],"author":[{"embeddable":true,"href":"https:\/\/adepepe.org\/site\/wp-json\/wp\/v2\/users\/8"}],"replies":[{"embeddable":true,"href":"https:\/\/adepepe.org\/site\/wp-json\/wp\/v2\/comments?post=3247"}],"version-history":[{"count":1,"href":"https:\/\/adepepe.org\/site\/wp-json\/wp\/v2\/posts\/3247\/revisions"}],"predecessor-version":[{"id":3265,"href":"https:\/\/adepepe.org\/site\/wp-json\/wp\/v2\/posts\/3247\/revisions\/3265"}],"wp:featuredmedia":[{"embeddable":true,"href":"https:\/\/adepepe.org\/site\/wp-json\/wp\/v2\/media\/3266"}],"wp:attachment":[{"href":"https:\/\/adepepe.org\/site\/wp-json\/wp\/v2\/media?parent=3247"}],"wp:term":[{"taxonomy":"category","embeddable":true,"href":"https:\/\/adepepe.org\/site\/wp-json\/wp\/v2\/categories?post=3247"},{"taxonomy":"post_tag","embeddable":true,"href":"https:\/\/adepepe.org\/site\/wp-json\/wp\/v2\/tags?post=3247"}],"curies":[{"name":"wp","href":"https:\/\/api.w.org\/{rel}","templated":true}]}}