{"id":3823,"date":"2019-08-15T17:13:34","date_gmt":"2019-08-15T20:13:34","guid":{"rendered":"https:\/\/adepepe.org\/site\/?p=3823"},"modified":"2019-08-16T12:15:06","modified_gmt":"2019-08-16T15:15:06","slug":"nota-de-falecimento-4","status":"publish","type":"post","link":"https:\/\/adepepe.org\/site\/nota-de-falecimento-4\/","title":{"rendered":"Nota de falecimento"},"content":{"rendered":"<p>A Adepepe comunica, com profundo pesar, o falecimento de Oscar Carvalho Filho, esposo da defensora p\u00fablica associada Glacilda Soares da Silva. A\u00a0missa de 7\u00ba dia acontece no dia 20 de agosto,\u00a0\u00a0\u00e0s 19h30, na capela da Concei\u00e7\u00e3o da Praia, em Pau Amarelo.<\/p>\n","protected":false},"excerpt":{"rendered":"<p>A Adepepe comunica, com profundo pesar, o falecimento de Oscar Carvalho Filho, esposo da defensora p\u00fablica associada Glacilda Soares da Silva. A\u00a0missa de 7\u00ba dia acontece no dia 20 de agosto,\u00a0\u00a0\u00e0s 19h30, na capela da Concei\u00e7\u00e3o da Praia, em Pau Amarelo.<\/p>\n","protected":false},"author":8,"featured_media":0,"comment_status":"open","ping_status":"open","sticky":false,"template":"","format":"standard","meta":{"footnotes":""},"categories":[5],"tags":[],"class_list":["post-3823","post","type-post","status-publish","format-standard","hentry","category-noticias"],"_links":{"self":[{"href":"https:\/\/adepepe.org\/site\/wp-json\/wp\/v2\/posts\/3823","targetHints":{"allow":["GET"]}}],"collection":[{"href":"https:\/\/adepepe.org\/site\/wp-json\/wp\/v2\/posts"}],"about":[{"href":"https:\/\/adepepe.org\/site\/wp-json\/wp\/v2\/types\/post"}],"author":[{"embeddable":true,"href":"https:\/\/adepepe.org\/site\/wp-json\/wp\/v2\/users\/8"}],"replies":[{"embeddable":true,"href":"https:\/\/adepepe.org\/site\/wp-json\/wp\/v2\/comments?post=3823"}],"version-history":[{"count":3,"href":"https:\/\/adepepe.org\/site\/wp-json\/wp\/v2\/posts\/3823\/revisions"}],"predecessor-version":[{"id":3829,"href":"https:\/\/adepepe.org\/site\/wp-json\/wp\/v2\/posts\/3823\/revisions\/3829"}],"wp:attachment":[{"href":"https:\/\/adepepe.org\/site\/wp-json\/wp\/v2\/media?parent=3823"}],"wp:term":[{"taxonomy":"category","embeddable":true,"href":"https:\/\/adepepe.org\/site\/wp-json\/wp\/v2\/categories?post=3823"},{"taxonomy":"post_tag","embeddable":true,"href":"https:\/\/adepepe.org\/site\/wp-json\/wp\/v2\/tags?post=3823"}],"curies":[{"name":"wp","href":"https:\/\/api.w.org\/{rel}","templated":true}]}}