{"id":3895,"date":"2019-09-30T14:57:07","date_gmt":"2019-09-30T17:57:07","guid":{"rendered":"https:\/\/adepepe.org\/site\/?p=3895"},"modified":"2019-09-30T14:59:07","modified_gmt":"2019-09-30T17:59:07","slug":"adepepe-apoia-evento-em-comemoracao-ao-dia-mundial-da-pessoa-idosa","status":"publish","type":"post","link":"https:\/\/adepepe.org\/site\/adepepe-apoia-evento-em-comemoracao-ao-dia-mundial-da-pessoa-idosa\/","title":{"rendered":"Adepepe apoia evento em comemora\u00e7\u00e3o ao Dia Mundial da Pessoa Idosa"},"content":{"rendered":"<p class=\"p1\"><a href=\"https:\/\/adepepe.org\/site\/wp-content\/uploads\/2019\/09\/8A440990-5A13-47F4-82BD-F12DB9B44D1D.jpeg\"><img loading=\"lazy\" decoding=\"async\" class=\"alignleft size-thumbnail wp-image-3896\" src=\"https:\/\/adepepe.org\/site\/wp-content\/uploads\/2019\/09\/8A440990-5A13-47F4-82BD-F12DB9B44D1D-320x320.jpeg\" alt=\"\" width=\"320\" height=\"320\" \/><\/a><\/p>\n<p class=\"p1\"><span class=\"s1\">Em comemora\u00e7\u00e3o ao Dia Mundial da Pessoa Idosa, nesta ter\u00e7a-feira (1\/10), ser\u00e1 realizada a VII edi\u00e7\u00e3o do Mais Vida com Mais Sa\u00fade. O evento acontece no Centro Acad\u00eamico do Imip, das 8h \u00e0s 12h, com a\u00e7\u00f5es e servi\u00e7os nas \u00e1reas de sa\u00fade e assist\u00eancia social. <\/span><\/p>\n<p class=\"p1\"><span class=\"s1\">A a\u00e7\u00e3o \u00e9 realizada pelo Imip e Defensoria Publica de Pernambuco e conta com o apoio da Adepepe.<span class=\"Apple-converted-space\">\u00a0 <\/span>Na ocasi\u00e3o, a popula\u00e7\u00e3o poder\u00e1 receber orienta\u00e7\u00e3o da coordenadora do N\u00facleo de Sa\u00fade e da Pessoa Idosa e diretora da associa\u00e7\u00e3o, Cristina Sakaki.<\/span><\/p>\n","protected":false},"excerpt":{"rendered":"<p>Em comemora\u00e7\u00e3o ao Dia Mundial da Pessoa Idosa, nesta ter\u00e7a-feira (1\/10), ser\u00e1 realizada a VII edi\u00e7\u00e3o do Mais Vida com Mais Sa\u00fade. O evento acontece no Centro Acad\u00eamico do Imip, das 8h \u00e0s 12h, com a\u00e7\u00f5es e servi\u00e7os nas \u00e1reas de sa\u00fade e assist\u00eancia social. A a\u00e7\u00e3o \u00e9 realizada pelo Imip e Defensoria Publica de [&hellip;]<\/p>\n","protected":false},"author":8,"featured_media":0,"comment_status":"open","ping_status":"open","sticky":false,"template":"","format":"standard","meta":{"footnotes":""},"categories":[5],"tags":[],"class_list":["post-3895","post","type-post","status-publish","format-standard","hentry","category-noticias"],"_links":{"self":[{"href":"https:\/\/adepepe.org\/site\/wp-json\/wp\/v2\/posts\/3895","targetHints":{"allow":["GET"]}}],"collection":[{"href":"https:\/\/adepepe.org\/site\/wp-json\/wp\/v2\/posts"}],"about":[{"href":"https:\/\/adepepe.org\/site\/wp-json\/wp\/v2\/types\/post"}],"author":[{"embeddable":true,"href":"https:\/\/adepepe.org\/site\/wp-json\/wp\/v2\/users\/8"}],"replies":[{"embeddable":true,"href":"https:\/\/adepepe.org\/site\/wp-json\/wp\/v2\/comments?post=3895"}],"version-history":[{"count":3,"href":"https:\/\/adepepe.org\/site\/wp-json\/wp\/v2\/posts\/3895\/revisions"}],"predecessor-version":[{"id":3899,"href":"https:\/\/adepepe.org\/site\/wp-json\/wp\/v2\/posts\/3895\/revisions\/3899"}],"wp:attachment":[{"href":"https:\/\/adepepe.org\/site\/wp-json\/wp\/v2\/media?parent=3895"}],"wp:term":[{"taxonomy":"category","embeddable":true,"href":"https:\/\/adepepe.org\/site\/wp-json\/wp\/v2\/categories?post=3895"},{"taxonomy":"post_tag","embeddable":true,"href":"https:\/\/adepepe.org\/site\/wp-json\/wp\/v2\/tags?post=3895"}],"curies":[{"name":"wp","href":"https:\/\/api.w.org\/{rel}","templated":true}]}}