{"id":3912,"date":"2019-10-24T16:43:49","date_gmt":"2019-10-24T19:43:49","guid":{"rendered":"https:\/\/adepepe.org\/site\/?p=3912"},"modified":"2019-10-24T17:09:18","modified_gmt":"2019-10-24T20:09:18","slug":"adepepe-discute-projeto-de-lei-do-subsidio-na-alepe","status":"publish","type":"post","link":"https:\/\/adepepe.org\/site\/adepepe-discute-projeto-de-lei-do-subsidio-na-alepe\/","title":{"rendered":"Adepepe discute projeto de lei do subs\u00eddio na Alepe"},"content":{"rendered":"<p><a href=\"https:\/\/adepepe.org\/site\/wp-content\/uploads\/2019\/10\/48925479-0809-40E3-AD98-FF4FB89374E6.jpeg\"><img loading=\"lazy\" decoding=\"async\" class=\"alignleft wp-image-3913 size-medium\" src=\"https:\/\/adepepe.org\/site\/wp-content\/uploads\/2019\/10\/48925479-0809-40E3-AD98-FF4FB89374E6-770x510.jpeg\" alt=\"\" width=\"770\" height=\"510\" srcset=\"https:\/\/adepepe.org\/site\/wp-content\/uploads\/2019\/10\/48925479-0809-40E3-AD98-FF4FB89374E6-770x510.jpeg 770w, https:\/\/adepepe.org\/site\/wp-content\/uploads\/2019\/10\/48925479-0809-40E3-AD98-FF4FB89374E6-768x508.jpeg 768w, https:\/\/adepepe.org\/site\/wp-content\/uploads\/2019\/10\/48925479-0809-40E3-AD98-FF4FB89374E6-1024x678.jpeg 1024w, https:\/\/adepepe.org\/site\/wp-content\/uploads\/2019\/10\/48925479-0809-40E3-AD98-FF4FB89374E6.jpeg 1280w\" sizes=\"auto, (max-width: 770px) 100vw, 770px\" \/><\/a><br \/>\nA diretoria da Adepepe se reuniu, nesta ter\u00e7a-feira (22\/10), com o presidente da Assembleia Legislativa de Pernambuco (Alepe), Eriberto Medeiros, para tratar do Projeto de Lei Complementar que transforma a remunera\u00e7\u00e3o dos defensores p\u00fablicos de Pernambuco em subs\u00eddio. Ap\u00f3s a reuni\u00e3o, o Presidente da Alepe levou as reivindica\u00e7\u00f5es ao governador Paulo C\u00e2mara, que liberou a discuss\u00e3o e vota\u00e7\u00e3o do projeto de lei.<\/p>\n<p>Representando a associa\u00e7\u00e3o, estiveram presentes o presidente, Edmundo Siqueira Campos, e o tesoureiro, Wilton Carvalho. Tamb\u00e9m participaram do encontro o Defensor P\u00fablico Geral, Jos\u00e9 Fabr\u00edcio Lima, o subdefensor Henrique Seixas, e o chefe de gabinete Jo\u00e3o Duque.<\/p>\n","protected":false},"excerpt":{"rendered":"<p>A diretoria da Adepepe se reuniu, nesta ter\u00e7a-feira (22\/10), com o presidente da Assembleia Legislativa de Pernambuco (Alepe), Eriberto Medeiros, para tratar do Projeto de Lei Complementar que transforma a remunera\u00e7\u00e3o dos defensores p\u00fablicos de Pernambuco em subs\u00eddio. Ap\u00f3s a reuni\u00e3o, o Presidente da Alepe levou as reivindica\u00e7\u00f5es ao governador Paulo C\u00e2mara, que liberou a [&hellip;]<\/p>\n","protected":false},"author":8,"featured_media":3913,"comment_status":"open","ping_status":"open","sticky":false,"template":"","format":"standard","meta":{"footnotes":""},"categories":[5],"tags":[7],"class_list":["post-3912","post","type-post","status-publish","format-standard","has-post-thumbnail","hentry","category-noticias","tag-destaque"],"_links":{"self":[{"href":"https:\/\/adepepe.org\/site\/wp-json\/wp\/v2\/posts\/3912","targetHints":{"allow":["GET"]}}],"collection":[{"href":"https:\/\/adepepe.org\/site\/wp-json\/wp\/v2\/posts"}],"about":[{"href":"https:\/\/adepepe.org\/site\/wp-json\/wp\/v2\/types\/post"}],"author":[{"embeddable":true,"href":"https:\/\/adepepe.org\/site\/wp-json\/wp\/v2\/users\/8"}],"replies":[{"embeddable":true,"href":"https:\/\/adepepe.org\/site\/wp-json\/wp\/v2\/comments?post=3912"}],"version-history":[{"count":2,"href":"https:\/\/adepepe.org\/site\/wp-json\/wp\/v2\/posts\/3912\/revisions"}],"predecessor-version":[{"id":3915,"href":"https:\/\/adepepe.org\/site\/wp-json\/wp\/v2\/posts\/3912\/revisions\/3915"}],"wp:featuredmedia":[{"embeddable":true,"href":"https:\/\/adepepe.org\/site\/wp-json\/wp\/v2\/media\/3913"}],"wp:attachment":[{"href":"https:\/\/adepepe.org\/site\/wp-json\/wp\/v2\/media?parent=3912"}],"wp:term":[{"taxonomy":"category","embeddable":true,"href":"https:\/\/adepepe.org\/site\/wp-json\/wp\/v2\/categories?post=3912"},{"taxonomy":"post_tag","embeddable":true,"href":"https:\/\/adepepe.org\/site\/wp-json\/wp\/v2\/tags?post=3912"}],"curies":[{"name":"wp","href":"https:\/\/api.w.org\/{rel}","templated":true}]}}