{"id":4119,"date":"2020-01-02T13:38:02","date_gmt":"2020-01-02T16:38:02","guid":{"rendered":"https:\/\/adepepe.org\/site\/?p=4119"},"modified":"2020-01-02T13:42:14","modified_gmt":"2020-01-02T16:42:14","slug":"adepepe-convoca-assembleia-eleitoral-para-abril","status":"publish","type":"post","link":"https:\/\/adepepe.org\/site\/adepepe-convoca-assembleia-eleitoral-para-abril\/","title":{"rendered":"Adepepe convoca assembleia eleitoral para abril"},"content":{"rendered":"<p>A presid\u00eancia da Adepepe lan\u00e7ou edital convocando Assembleia Geral Extraordin\u00e1ria para o dia 17 de abril de 2020, onde\u00a0 ser\u00e1 realizada para a elei\u00e7\u00e3o de renova\u00e7\u00e3o dos mandatos da Diretoria Executiva e dos Conselhos Consultivo e Fiscal da Associa\u00e7\u00e3o dos Defensores P\u00fablicos do Estado de Pernambuco para o bi\u00eanio 2020\/2024.\u00a0 No documento, ainda comunica a todos os nossos associados, que as inscri\u00e7\u00f5es para o registro de chapas que concorrer\u00e3o aos cargos para a Diretoria Executiva e dos Conselhos Consultivo e Fiscal, se iniciar\u00e1 \u00e0s 9h do dia 2 de janeiro de 2020 e se encerrar\u00e1 \u00e0s 16h do dia 6 de janeiro de 2020. Confira o edital completo: <a href=\"https:\/\/adepepe.org\/site\/wp-content\/uploads\/2020\/01\/Edital-de-Convoca\u00e7\u00e3o-da-AGE-da-ADEPE_2019-1.pdf\">Edital de Convoca\u00e7\u00e3o da AGE da ADEPEPE<\/a><\/p>\n","protected":false},"excerpt":{"rendered":"<p>A presid\u00eancia da Adepepe lan\u00e7ou edital convocando Assembleia Geral Extraordin\u00e1ria para o dia 17 de abril de 2020, onde\u00a0 ser\u00e1 realizada para a elei\u00e7\u00e3o de renova\u00e7\u00e3o dos mandatos da Diretoria Executiva e dos Conselhos Consultivo e Fiscal da Associa\u00e7\u00e3o dos Defensores P\u00fablicos do Estado de Pernambuco para o bi\u00eanio 2020\/2024.\u00a0 No documento, ainda comunica a [&hellip;]<\/p>\n","protected":false},"author":8,"featured_media":0,"comment_status":"open","ping_status":"open","sticky":false,"template":"","format":"standard","meta":{"footnotes":""},"categories":[5],"tags":[],"class_list":["post-4119","post","type-post","status-publish","format-standard","hentry","category-noticias"],"_links":{"self":[{"href":"https:\/\/adepepe.org\/site\/wp-json\/wp\/v2\/posts\/4119","targetHints":{"allow":["GET"]}}],"collection":[{"href":"https:\/\/adepepe.org\/site\/wp-json\/wp\/v2\/posts"}],"about":[{"href":"https:\/\/adepepe.org\/site\/wp-json\/wp\/v2\/types\/post"}],"author":[{"embeddable":true,"href":"https:\/\/adepepe.org\/site\/wp-json\/wp\/v2\/users\/8"}],"replies":[{"embeddable":true,"href":"https:\/\/adepepe.org\/site\/wp-json\/wp\/v2\/comments?post=4119"}],"version-history":[{"count":3,"href":"https:\/\/adepepe.org\/site\/wp-json\/wp\/v2\/posts\/4119\/revisions"}],"predecessor-version":[{"id":4123,"href":"https:\/\/adepepe.org\/site\/wp-json\/wp\/v2\/posts\/4119\/revisions\/4123"}],"wp:attachment":[{"href":"https:\/\/adepepe.org\/site\/wp-json\/wp\/v2\/media?parent=4119"}],"wp:term":[{"taxonomy":"category","embeddable":true,"href":"https:\/\/adepepe.org\/site\/wp-json\/wp\/v2\/categories?post=4119"},{"taxonomy":"post_tag","embeddable":true,"href":"https:\/\/adepepe.org\/site\/wp-json\/wp\/v2\/tags?post=4119"}],"curies":[{"name":"wp","href":"https:\/\/api.w.org\/{rel}","templated":true}]}}