{"id":4272,"date":"2020-04-23T17:16:37","date_gmt":"2020-04-23T20:16:37","guid":{"rendered":"https:\/\/adepepe.org\/site\/?p=4272"},"modified":"2020-04-23T17:18:09","modified_gmt":"2020-04-23T20:18:09","slug":"nota-de-agradecimento-campanha-de-combate-ao-coronavirus","status":"publish","type":"post","link":"https:\/\/adepepe.org\/site\/nota-de-agradecimento-campanha-de-combate-ao-coronavirus\/","title":{"rendered":"Nota de agradecimento &#8211; Campanha de combate ao coronav\u00edrus"},"content":{"rendered":"<p>Nota de agradecimento &#8211; A Associa\u00e7\u00e3o dos Defensores P\u00fablicos de Pernambuco (Adepepe) agradece a todos os associados por permitirem e apoiarem a realiza\u00e7\u00e3o da campanha solid\u00e1ria para combate ao novo coronav\u00edrus, especialmente aos \u00a091 associados que contribu\u00edram pessoalmente para a nobre causa. \u00a0A a\u00e7\u00e3o arrecadou mais de 30 mil reais, doados para o \u00a0Hospital Universit\u00e1rio Oswaldo Cruz e para o Pronto Socorro Cardiol\u00f3gico da Universidade de Pernambuco (Procape). \u00a0Segue a lista dos contribuintes por ordem alfab\u00e9tica:<\/p>\n<table width=\"265\">\n<tbody>\n<tr>\n<td width=\"39\">1<\/td>\n<td width=\"227\">\u00a0AELDA CORREIA<\/td>\n<\/tr>\n<tr>\n<td width=\"39\">2<\/td>\n<td width=\"227\">\u00a0AGNALDO BARROS<\/td>\n<\/tr>\n<tr>\n<td width=\"39\">3<\/td>\n<td width=\"227\">\u00a0ALCIDES VALEN\u00c7A<\/td>\n<\/tr>\n<tr>\n<td width=\"39\">4<\/td>\n<td width=\"227\">\u00a0ANA CRISTINA PEREIRA<\/td>\n<\/tr>\n<tr>\n<td width=\"39\">5<\/td>\n<td width=\"227\">\u00a0ANTONIETA WOINA<\/td>\n<\/tr>\n<tr>\n<td width=\"39\">6<\/td>\n<td width=\"227\">\u00a0ANTONIO CARLOS CIRILO<\/td>\n<\/tr>\n<tr>\n<td width=\"39\">7<\/td>\n<td width=\"227\">\u00a0ANTONIO F SILVA<\/td>\n<\/tr>\n<tr>\n<td width=\"39\">8<\/td>\n<td width=\"227\">\u00a0ANTONIO LUIZ NETO<\/td>\n<\/tr>\n<tr>\n<td width=\"39\">9<\/td>\n<td width=\"227\">\u00a0ANTONIO QUEIROZ<\/td>\n<\/tr>\n<tr>\n<td width=\"39\">10<\/td>\n<td width=\"227\">\u00a0ANTONIO TORRES<\/td>\n<\/tr>\n<tr>\n<td width=\"39\">11<\/td>\n<td width=\"227\">\u00a0ARLINE MORAIS<\/td>\n<\/tr>\n<tr>\n<td width=\"39\">12<\/td>\n<td width=\"227\">\u00a0AYMONE PIO<\/td>\n<\/tr>\n<tr>\n<td width=\"39\">13<\/td>\n<td width=\"227\">\u00a0BETH NEVES<\/td>\n<\/tr>\n<tr>\n<td width=\"39\">14<\/td>\n<td width=\"227\">\u00a0BRAUDECY CONSTANTINO<\/td>\n<\/tr>\n<tr>\n<td width=\"39\">15<\/td>\n<td width=\"227\">\u00a0CARLOS H PATRIOTA<\/td>\n<\/tr>\n<tr>\n<td width=\"39\">16<\/td>\n<td width=\"227\">\u00a0CARLOS NUNES<\/td>\n<\/tr>\n<tr>\n<td width=\"39\">17<\/td>\n<td width=\"227\">\u00a0CARLOS VIEGAS<\/td>\n<\/tr>\n<tr>\n<td width=\"39\">18<\/td>\n<td width=\"227\">\u00a0CAROLINA DIDIER<\/td>\n<\/tr>\n<tr>\n<td width=\"39\">19<\/td>\n<td width=\"227\">\u00a0CINTHIA CREDIDIO<\/td>\n<\/tr>\n<tr>\n<td width=\"39\">20<\/td>\n<td width=\"227\">\u00a0CREUSA SOBREIRA<\/td>\n<\/tr>\n<tr>\n<td width=\"39\">21<\/td>\n<td width=\"227\">\u00a0CRISTINA SAKAKI<\/td>\n<\/tr>\n<tr>\n<td width=\"39\">22<\/td>\n<td width=\"227\">\u00a0DALVA MENEZES<\/td>\n<\/tr>\n<tr>\n<td width=\"39\">23<\/td>\n<td width=\"227\">\u00a0DETINHA TABOSA<\/td>\n<\/tr>\n<tr>\n<td width=\"39\">24<\/td>\n<td width=\"227\">\u00a0DORINHA LIMA<\/td>\n<\/tr>\n<tr>\n<td width=\"39\">25<\/td>\n<td width=\"227\">\u00a0EDITE WANDERLEY<\/td>\n<\/tr>\n<tr>\n<td width=\"39\">26<\/td>\n<td width=\"227\">\u00a0EDMUNDO BARROS<\/td>\n<\/tr>\n<tr>\n<td width=\"39\">27<\/td>\n<td width=\"227\">\u00a0EDNA ANANIAS<\/td>\n<\/tr>\n<tr>\n<td width=\"39\">28<\/td>\n<td width=\"227\">\u00a0ELDA CALDAS<\/td>\n<\/tr>\n<tr>\n<td width=\"39\">29<\/td>\n<td width=\"227\">\u00a0ELIANE FERREIRA<\/td>\n<\/tr>\n<tr>\n<td width=\"39\">30<\/td>\n<td width=\"227\">\u00a0ELIANE NOGUEIRA<\/td>\n<\/tr>\n<tr>\n<td width=\"39\">31<\/td>\n<td width=\"227\">\u00a0ERICO DOUGLAS<\/td>\n<\/tr>\n<tr>\n<td width=\"39\">32<\/td>\n<td width=\"227\">\u00a0\u00c9RICA DINIZ<\/td>\n<\/tr>\n<tr>\n<td width=\"39\">33<\/td>\n<td width=\"227\">\u00a0ETELVINA VARELA<\/td>\n<\/tr>\n<tr>\n<td width=\"39\">34<\/td>\n<td width=\"227\">\u00a0F\u00c1TIMA LAGUZA<\/td>\n<\/tr>\n<tr>\n<td width=\"39\">35<\/td>\n<td width=\"227\">\u00a0F\u00c1TIMA PORTELA<\/td>\n<\/tr>\n<tr>\n<td width=\"39\">36<\/td>\n<td width=\"227\">\u00a0FERNANDA FARIA<\/td>\n<\/tr>\n<tr>\n<td width=\"39\">37<\/td>\n<td width=\"227\">\u00a0FRANCISCO JAIRO<\/td>\n<\/tr>\n<tr>\n<td width=\"39\">38<\/td>\n<td width=\"227\">\u00a0GEOV\u00c1 CABRAL<\/td>\n<\/tr>\n<tr>\n<td width=\"39\">39<\/td>\n<td width=\"227\">\u00a0GERUZA MACIEL<\/td>\n<\/tr>\n<tr>\n<td width=\"39\">40<\/td>\n<td width=\"227\">\u00a0GLORIA PONTUAL<\/td>\n<\/tr>\n<tr>\n<td width=\"39\">41<\/td>\n<td width=\"227\">\u00a0GRA\u00c7A BANDEIRA<\/td>\n<\/tr>\n<tr>\n<td width=\"39\">42<\/td>\n<td width=\"227\">\u00a0HERMELINDA<\/td>\n<\/tr>\n<tr>\n<td width=\"39\">43<\/td>\n<td width=\"227\">\u00a0HORACINA<\/td>\n<\/tr>\n<tr>\n<td width=\"39\">44<\/td>\n<td width=\"227\">\u00a0HOR\u00c1CIO MENDON\u00c7A<\/td>\n<\/tr>\n<tr>\n<td width=\"39\">45<\/td>\n<td width=\"227\">\u00a0IGN\u00caS DE CASTRO<\/td>\n<\/tr>\n<tr>\n<td width=\"39\">46<\/td>\n<td width=\"227\">IRENE LACERDA<\/td>\n<\/tr>\n<tr>\n<td width=\"39\">47<\/td>\n<td width=\"227\">\u00a0ISBELA APOLIN\u00c1RIO<\/td>\n<\/tr>\n<tr>\n<td width=\"39\">48<\/td>\n<td width=\"227\">\u00a0IZABEL QUEIROZ<\/td>\n<\/tr>\n<tr>\n<td width=\"39\">49<\/td>\n<td width=\"227\">\u00a0JANIO PIANC\u00d3<\/td>\n<\/tr>\n<tr>\n<td width=\"39\">50<\/td>\n<td width=\"227\">\u00a0JO\u00c3O DUQUE<\/td>\n<\/tr>\n<tr>\n<td width=\"39\">51<\/td>\n<td width=\"227\">\u00a0JOS\u00c9 A FONSECA<\/td>\n<\/tr>\n<tr>\n<td width=\"39\">52<\/td>\n<td width=\"227\">\u00a0JOS\u00c9 RODRIGUES<\/td>\n<\/tr>\n<tr>\n<td width=\"39\">53<\/td>\n<td width=\"227\">\u00a0KATARINA BANJA<\/td>\n<\/tr>\n<tr>\n<td width=\"39\">54<\/td>\n<td width=\"227\">\u00a0K\u00c1TIA SARMENTO<\/td>\n<\/tr>\n<tr>\n<td width=\"39\">55<\/td>\n<td width=\"227\">\u00a0LA\u00c9RCIO GUEDES<\/td>\n<\/tr>\n<tr>\n<td width=\"39\">56<\/td>\n<td width=\"227\">\u00a0LAURA OLIVEIRA<\/td>\n<\/tr>\n<tr>\n<td width=\"39\">57<\/td>\n<td width=\"227\">\u00a0LEDA PESSOA<\/td>\n<\/tr>\n<tr>\n<td width=\"39\">58<\/td>\n<td width=\"227\">\u00a0L\u00c9LIA LACERDA<\/td>\n<\/tr>\n<tr>\n<td width=\"39\">59<\/td>\n<td width=\"227\">\u00a0LENORA DA HORA<\/td>\n<\/tr>\n<tr>\n<td width=\"39\">60<\/td>\n<td width=\"227\">\u00a0LINDALVA<\/td>\n<\/tr>\n<tr>\n<td width=\"39\">61<\/td>\n<td width=\"227\">\u00a0LUCIA AUTRAN<\/td>\n<\/tr>\n<tr>\n<td width=\"39\">62<\/td>\n<td width=\"227\">\u00a0LUDJA ROCHA<\/td>\n<\/tr>\n<tr>\n<td width=\"39\">63<\/td>\n<td width=\"227\">\u00a0LUIZ JORGE<\/td>\n<\/tr>\n<tr>\n<td width=\"39\">64<\/td>\n<td width=\"227\">\u00a0MAGNA ELIANE<\/td>\n<\/tr>\n<tr>\n<td width=\"39\">65<\/td>\n<td width=\"227\">\u00a0MARIA DA GRUTA<\/td>\n<\/tr>\n<tr>\n<td width=\"39\">66<\/td>\n<td width=\"227\">\u00a0MARIA DO CARMO TABOSA<\/td>\n<\/tr>\n<tr>\n<td width=\"39\">67<\/td>\n<td width=\"227\">\u00a0MARLEIDE BENTO<\/td>\n<\/tr>\n<tr>\n<td width=\"39\">68<\/td>\n<td width=\"227\">\u00a0MONICA AMARAL<\/td>\n<\/tr>\n<tr>\n<td width=\"39\">69<\/td>\n<td width=\"227\">\u00a0NAILDES CALDAS<\/td>\n<\/tr>\n<tr>\n<td width=\"39\">70<\/td>\n<td width=\"227\">\u00a0NAIR ANDRADE<\/td>\n<\/tr>\n<tr>\n<td width=\"39\">71<\/td>\n<td width=\"227\">\u00a0PEDRO NEGROMONTE<\/td>\n<\/tr>\n<tr>\n<td width=\"39\">72<\/td>\n<td width=\"227\">\u00a0REJANE M\u00c9RCIA<\/td>\n<\/tr>\n<tr>\n<td width=\"39\">73<\/td>\n<td width=\"227\">\u00a0RILVANISE<\/td>\n<\/tr>\n<tr>\n<td width=\"39\">74<\/td>\n<td width=\"227\">\u00a0RITA MALTA<\/td>\n<\/tr>\n<tr>\n<td width=\"39\">75<\/td>\n<td width=\"227\">\u00a0ROBERTO FURTADO<\/td>\n<\/tr>\n<tr>\n<td width=\"39\">76<\/td>\n<td width=\"227\">\u00a0ROQUE BRITO ALVES<\/td>\n<\/tr>\n<tr>\n<td width=\"39\">77<\/td>\n<td width=\"227\">\u00a0ROSINHA COLA\u00c7O<\/td>\n<\/tr>\n<tr>\n<td width=\"39\">78<\/td>\n<td width=\"227\">\u00a0SILMA<\/td>\n<\/tr>\n<tr>\n<td width=\"39\">79<\/td>\n<td width=\"227\">\u00a0SOCORRO ABELENDA<\/td>\n<\/tr>\n<tr>\n<td width=\"39\">80<\/td>\n<td width=\"227\">\u00a0SOCORRO BANJA<\/td>\n<\/tr>\n<tr>\n<td width=\"39\">81<\/td>\n<td width=\"227\">\u00a0SEBASTI\u00c3O AQUINO<\/td>\n<\/tr>\n<tr>\n<td width=\"39\">82<\/td>\n<td width=\"227\">\u00a0TEREZA AMORIM<\/td>\n<\/tr>\n<tr>\n<td width=\"39\">83<\/td>\n<td width=\"227\">\u00a0TEREZA SALOM\u00c3O<\/td>\n<\/tr>\n<tr>\n<td width=\"39\">84<\/td>\n<td width=\"227\">\u00a0THA\u00cdS GUARAN\u00c1<\/td>\n<\/tr>\n<tr>\n<td width=\"39\">85<\/td>\n<td width=\"227\">\u00a0VALMIRA L\u00c9TICIA<\/td>\n<\/tr>\n<tr>\n<td width=\"39\">86<\/td>\n<td width=\"227\">\u00a0VERA VASCONCELOS<\/td>\n<\/tr>\n<tr>\n<td width=\"39\">87<\/td>\n<td width=\"227\">\u00a0VERONICA NOGUEIRA<\/td>\n<\/tr>\n<tr>\n<td width=\"39\">88<\/td>\n<td width=\"227\">\u00a0VINICIUS TONON<\/td>\n<\/tr>\n<tr>\n<td width=\"39\">89<\/td>\n<td width=\"227\">\u00a0WALMIRA CARVALHO<\/td>\n<\/tr>\n<tr>\n<td width=\"39\">90<\/td>\n<td width=\"227\">\u00a0WILTON CARVALHO<\/td>\n<\/tr>\n<tr>\n<td width=\"39\">91<\/td>\n<td width=\"227\">\u00a0WILZA MAIA<\/td>\n<\/tr>\n<\/tbody>\n<\/table>\n<p>&nbsp;<\/p>\n","protected":false},"excerpt":{"rendered":"<p>Nota de agradecimento &#8211; A Associa\u00e7\u00e3o dos Defensores P\u00fablicos de Pernambuco (Adepepe) agradece a todos os associados por permitirem e apoiarem a realiza\u00e7\u00e3o da campanha solid\u00e1ria para combate ao novo coronav\u00edrus, especialmente aos \u00a091 associados que contribu\u00edram pessoalmente para a nobre causa. \u00a0A a\u00e7\u00e3o arrecadou mais de 30 mil reais, doados para o \u00a0Hospital Universit\u00e1rio [&hellip;]<\/p>\n","protected":false},"author":8,"featured_media":0,"comment_status":"open","ping_status":"open","sticky":false,"template":"","format":"standard","meta":{"footnotes":""},"categories":[5],"tags":[],"class_list":["post-4272","post","type-post","status-publish","format-standard","hentry","category-noticias"],"_links":{"self":[{"href":"https:\/\/adepepe.org\/site\/wp-json\/wp\/v2\/posts\/4272","targetHints":{"allow":["GET"]}}],"collection":[{"href":"https:\/\/adepepe.org\/site\/wp-json\/wp\/v2\/posts"}],"about":[{"href":"https:\/\/adepepe.org\/site\/wp-json\/wp\/v2\/types\/post"}],"author":[{"embeddable":true,"href":"https:\/\/adepepe.org\/site\/wp-json\/wp\/v2\/users\/8"}],"replies":[{"embeddable":true,"href":"https:\/\/adepepe.org\/site\/wp-json\/wp\/v2\/comments?post=4272"}],"version-history":[{"count":2,"href":"https:\/\/adepepe.org\/site\/wp-json\/wp\/v2\/posts\/4272\/revisions"}],"predecessor-version":[{"id":4274,"href":"https:\/\/adepepe.org\/site\/wp-json\/wp\/v2\/posts\/4272\/revisions\/4274"}],"wp:attachment":[{"href":"https:\/\/adepepe.org\/site\/wp-json\/wp\/v2\/media?parent=4272"}],"wp:term":[{"taxonomy":"category","embeddable":true,"href":"https:\/\/adepepe.org\/site\/wp-json\/wp\/v2\/categories?post=4272"},{"taxonomy":"post_tag","embeddable":true,"href":"https:\/\/adepepe.org\/site\/wp-json\/wp\/v2\/tags?post=4272"}],"curies":[{"name":"wp","href":"https:\/\/api.w.org\/{rel}","templated":true}]}}