{"id":4378,"date":"2020-10-14T13:22:47","date_gmt":"2020-10-14T16:22:47","guid":{"rendered":"https:\/\/adepepe.org\/site\/?p=4378"},"modified":"2020-10-14T13:23:15","modified_gmt":"2020-10-14T16:23:15","slug":"aidef-e-eurosocial-oferecem-capacitacao-sobre-violencia-de-genero-e-criminalizacao-de-mulheres","status":"publish","type":"post","link":"https:\/\/adepepe.org\/site\/aidef-e-eurosocial-oferecem-capacitacao-sobre-violencia-de-genero-e-criminalizacao-de-mulheres\/","title":{"rendered":"AIDEF e Eurosocial oferecem capacita\u00e7\u00e3o sobre viol\u00eancia de g\u00eanero e criminaliza\u00e7\u00e3o de mulheres"},"content":{"rendered":"<div><a href=\"https:\/\/adepepe.org\/site\/wp-content\/uploads\/2020\/10\/Jornadas-genero-PROGRAMA.jpg\"><img loading=\"lazy\" decoding=\"async\" class=\"alignleft size-medium wp-image-4379\" src=\"https:\/\/adepepe.org\/site\/wp-content\/uploads\/2020\/10\/Jornadas-genero-PROGRAMA-451x770.jpg\" alt=\"\" width=\"451\" height=\"770\" srcset=\"https:\/\/adepepe.org\/site\/wp-content\/uploads\/2020\/10\/Jornadas-genero-PROGRAMA-451x770.jpg 451w, https:\/\/adepepe.org\/site\/wp-content\/uploads\/2020\/10\/Jornadas-genero-PROGRAMA-599x1024.jpg 599w, https:\/\/adepepe.org\/site\/wp-content\/uploads\/2020\/10\/Jornadas-genero-PROGRAMA-768x1313.jpg 768w, https:\/\/adepepe.org\/site\/wp-content\/uploads\/2020\/10\/Jornadas-genero-PROGRAMA-899x1536.jpg 899w, https:\/\/adepepe.org\/site\/wp-content\/uploads\/2020\/10\/Jornadas-genero-PROGRAMA.jpg 1024w\" sizes=\"auto, (max-width: 451px) 100vw, 451px\" \/><\/a><\/div>\n<div>A Associa\u00e7\u00e3o Interamericana de Defensorias P\u00fablicas (AIDEF), atrav\u00e9s do Programa para a Coes\u00e3o Social &#8211; Eurosocial, oferecer\u00e1 capacita\u00e7\u00e3o para defensoras e defensores p\u00fablicos associados \u00e0s entidades ligadas \u00e0 Associa\u00e7\u00e3o Interamericana. Os debates ocorrer\u00e3o via zoom.<\/div>\n<div><\/div>\n<div>A partir do tema &#8220;Mulheres acusadas em contextos de viol\u00eancia ou vulnerabilidade: em dire\u00e7\u00e3o a uma teoria do crime com uma abordagem de g\u00eanero&#8221; a atividade ser\u00e1 oferecida em tr\u00eas datas: 19 de outubro, 26 de outubro e 2 de novembro.<\/div>\n<div><\/div>\n<div>O primeiro dia, 19 de outubro, ser\u00e1 dedicado \u00e0 apresenta\u00e7\u00e3o do livro que leva o mesmo nome da capacita\u00e7\u00e3o. A obra traz resultados de pesquisa voltada para a quest\u00e3o da viol\u00eancia de g\u00eanero e criminaliza\u00e7\u00e3o da mulheres.<\/div>\n<div><\/div>\n<div><a href=\"https:\/\/docs.google.com\/forms\/d\/e\/1FAIpQLSfxlrH_BFmu1-stvtmGNKQ1gU3Szcv8cW_rO0l0Dun6B4oiUQ\/viewform\" target=\"_blank\" rel=\"noopener noreferrer\"><strong>Clique aqui<\/strong><\/a>\u00a0e inscreva-se. Os participantes receber\u00e3o certificado.<\/div>\n<div><\/div>\n<div><\/div>\n<div><\/div>\n<div>(Texto e informa\u00e7\u00f5es da Ascom Anadep)<\/div>\n","protected":false},"excerpt":{"rendered":"<p>A Associa\u00e7\u00e3o Interamericana de Defensorias P\u00fablicas (AIDEF), atrav\u00e9s do Programa para a Coes\u00e3o Social &#8211; Eurosocial, oferecer\u00e1 capacita\u00e7\u00e3o para defensoras e defensores p\u00fablicos associados \u00e0s entidades ligadas \u00e0 Associa\u00e7\u00e3o Interamericana. Os debates ocorrer\u00e3o via zoom. A partir do tema &#8220;Mulheres acusadas em contextos de viol\u00eancia ou vulnerabilidade: em dire\u00e7\u00e3o a uma teoria do crime com [&hellip;]<\/p>\n","protected":false},"author":8,"featured_media":0,"comment_status":"open","ping_status":"open","sticky":false,"template":"","format":"standard","meta":{"footnotes":""},"categories":[5],"tags":[],"class_list":["post-4378","post","type-post","status-publish","format-standard","hentry","category-noticias"],"_links":{"self":[{"href":"https:\/\/adepepe.org\/site\/wp-json\/wp\/v2\/posts\/4378","targetHints":{"allow":["GET"]}}],"collection":[{"href":"https:\/\/adepepe.org\/site\/wp-json\/wp\/v2\/posts"}],"about":[{"href":"https:\/\/adepepe.org\/site\/wp-json\/wp\/v2\/types\/post"}],"author":[{"embeddable":true,"href":"https:\/\/adepepe.org\/site\/wp-json\/wp\/v2\/users\/8"}],"replies":[{"embeddable":true,"href":"https:\/\/adepepe.org\/site\/wp-json\/wp\/v2\/comments?post=4378"}],"version-history":[{"count":2,"href":"https:\/\/adepepe.org\/site\/wp-json\/wp\/v2\/posts\/4378\/revisions"}],"predecessor-version":[{"id":4381,"href":"https:\/\/adepepe.org\/site\/wp-json\/wp\/v2\/posts\/4378\/revisions\/4381"}],"wp:attachment":[{"href":"https:\/\/adepepe.org\/site\/wp-json\/wp\/v2\/media?parent=4378"}],"wp:term":[{"taxonomy":"category","embeddable":true,"href":"https:\/\/adepepe.org\/site\/wp-json\/wp\/v2\/categories?post=4378"},{"taxonomy":"post_tag","embeddable":true,"href":"https:\/\/adepepe.org\/site\/wp-json\/wp\/v2\/tags?post=4378"}],"curies":[{"name":"wp","href":"https:\/\/api.w.org\/{rel}","templated":true}]}}