{"id":4387,"date":"2020-11-04T14:45:19","date_gmt":"2020-11-04T17:45:19","guid":{"rendered":"https:\/\/adepepe.org\/site\/?p=4387"},"modified":"2020-11-04T14:45:19","modified_gmt":"2020-11-04T17:45:19","slug":"eleicoes-anadep-bienio-2021-2023","status":"publish","type":"post","link":"https:\/\/adepepe.org\/site\/eleicoes-anadep-bienio-2021-2023\/","title":{"rendered":"Elei\u00e7\u00f5es ANADEP (Bi\u00eanio 2021-2023)"},"content":{"rendered":"<div><a href=\"https:\/\/adepepe.org\/site\/wp-content\/uploads\/2020\/11\/C950DDE8-D7D3-48E2-B263-7B3BF626124F.jpeg\"><img loading=\"lazy\" decoding=\"async\" class=\"alignleft size-full wp-image-4388\" src=\"https:\/\/adepepe.org\/site\/wp-content\/uploads\/2020\/11\/C950DDE8-D7D3-48E2-B263-7B3BF626124F.jpeg\" alt=\"\" width=\"417\" height=\"417\" srcset=\"https:\/\/adepepe.org\/site\/wp-content\/uploads\/2020\/11\/C950DDE8-D7D3-48E2-B263-7B3BF626124F.jpeg 417w, https:\/\/adepepe.org\/site\/wp-content\/uploads\/2020\/11\/C950DDE8-D7D3-48E2-B263-7B3BF626124F-320x320.jpeg 320w\" sizes=\"auto, (max-width: 417px) 100vw, 417px\" \/><\/a><br \/>\nCome\u00e7ou na segunda-feira (2\/11) e vai at\u00e9 o dia 20 de novembro, o prazo de inscri\u00e7\u00e3o de chapas para os Conselhos Diretor, Consultivo e Fiscal da ANADEP (bi\u00eanio 2021-2023). A elei\u00e7\u00e3o ocorrer\u00e1 no dia 10 de dezembro de 2020, na sede da ANADEP, em Bras\u00edlia. A vota\u00e7\u00e3o ocorrer\u00e1 de 10h \u00e0s 15h e ser\u00e1 acompanhada por uma comiss\u00e3o eleitoral. A posse da nova diretoria ser\u00e1 em fevereiro de 2021.<\/div>\n<p><!--more--><\/p>\n<div><\/div>\n<div><strong>Como as associadas e associados poder\u00e3o participar:\u00a0<\/strong><\/div>\n<div><\/div>\n<div>Para poder votar na Assembleia-Geral Ordin\u00e1ria da Associa\u00e7\u00e3o, que vai eleger a nova diretoria da ANADEP (bi\u00eanio 2019\/2021), \u00e9 fundamental a atualiza\u00e7\u00e3o do cadastro das associadas e associados para acesso \u00e0 \u00e1rea restrita. Associa\u00e7\u00f5es Estaduais tamb\u00e9m devem manter a lista de associados(as) atualizada perante a secretaria da ANADEP.<\/div>\n<div><\/div>\n<div>De acordo com o estatuto da Associa\u00e7\u00e3o, presidentes de associa\u00e7\u00e3o votam presencialmente. Associadas e associados votam online, atrav\u00e9s da \u00e1rea restrita do site ou presencialmente, se estiverem na AGO. Cada estado da Federa\u00e7\u00e3o ter\u00e1 direito a tr\u00eas votos, sendo dois votos do(a) presidente da Associa\u00e7\u00e3o filiada e um voto restante apurado pela maioria simples das defensoras e defensores p\u00fablicos presentes f\u00edsica ou virtualmente e aptos a votarem.<\/div>\n<div><\/div>\n<div>Para participar das #Elei\u00e7\u00f5esANADEP, os(as) associados(as) devem efetivar seu cadastro na ANADEP at\u00e9 o dia 30 de novembro de 2020 (18h).<\/div>\n<div><\/div>\n<div><strong>Sobre o cadastro na \u00e1rea restrita<\/strong><\/div>\n<div><\/div>\n<div>Defensoras e defensores p\u00fablicos que possuem cadastro e n\u00e3o lembram da senha e\/ou login podem:<\/div>\n<div><\/div>\n<div>1) Encaminhar email para anadep@anadep.org.br;<\/div>\n<div>2) Ou cadastrar-se diretamente no site da ANADEP. <a href=\"https:\/\/www.anadep.org.br\/wtk\/anadep\/site\/AreaRestrita.do?action=pagina\" target=\"_blank\" rel=\"noopener noreferrer\"><strong>Clique aqui.<\/strong><\/a><\/div>\n<div><\/div>\n<div>A libera\u00e7\u00e3o do cadastro depende da confirma\u00e7\u00e3o de que o(a) defensor(a) \u00e9 associado(a). O prazo de aprova\u00e7\u00e3o \u00e9 de 72 horas. Assim que o acesso for autorizado, o(a) associado(a) receber\u00e1 um e-mail.<\/p>\n<p>Fonte: Ascom Anadep<\/p><\/div>\n","protected":false},"excerpt":{"rendered":"<p>Come\u00e7ou na segunda-feira (2\/11) e vai at\u00e9 o dia 20 de novembro, o prazo de inscri\u00e7\u00e3o de chapas para os Conselhos Diretor, Consultivo e Fiscal da ANADEP (bi\u00eanio 2021-2023). A elei\u00e7\u00e3o ocorrer\u00e1 no dia 10 de dezembro de 2020, na sede da ANADEP, em Bras\u00edlia. A vota\u00e7\u00e3o ocorrer\u00e1 de 10h \u00e0s 15h e ser\u00e1 acompanhada [&hellip;]<\/p>\n","protected":false},"author":8,"featured_media":4388,"comment_status":"open","ping_status":"open","sticky":false,"template":"","format":"standard","meta":{"footnotes":""},"categories":[5],"tags":[7],"class_list":["post-4387","post","type-post","status-publish","format-standard","has-post-thumbnail","hentry","category-noticias","tag-destaque"],"_links":{"self":[{"href":"https:\/\/adepepe.org\/site\/wp-json\/wp\/v2\/posts\/4387","targetHints":{"allow":["GET"]}}],"collection":[{"href":"https:\/\/adepepe.org\/site\/wp-json\/wp\/v2\/posts"}],"about":[{"href":"https:\/\/adepepe.org\/site\/wp-json\/wp\/v2\/types\/post"}],"author":[{"embeddable":true,"href":"https:\/\/adepepe.org\/site\/wp-json\/wp\/v2\/users\/8"}],"replies":[{"embeddable":true,"href":"https:\/\/adepepe.org\/site\/wp-json\/wp\/v2\/comments?post=4387"}],"version-history":[{"count":1,"href":"https:\/\/adepepe.org\/site\/wp-json\/wp\/v2\/posts\/4387\/revisions"}],"predecessor-version":[{"id":4389,"href":"https:\/\/adepepe.org\/site\/wp-json\/wp\/v2\/posts\/4387\/revisions\/4389"}],"wp:featuredmedia":[{"embeddable":true,"href":"https:\/\/adepepe.org\/site\/wp-json\/wp\/v2\/media\/4388"}],"wp:attachment":[{"href":"https:\/\/adepepe.org\/site\/wp-json\/wp\/v2\/media?parent=4387"}],"wp:term":[{"taxonomy":"category","embeddable":true,"href":"https:\/\/adepepe.org\/site\/wp-json\/wp\/v2\/categories?post=4387"},{"taxonomy":"post_tag","embeddable":true,"href":"https:\/\/adepepe.org\/site\/wp-json\/wp\/v2\/tags?post=4387"}],"curies":[{"name":"wp","href":"https:\/\/api.w.org\/{rel}","templated":true}]}}