{"id":4403,"date":"2020-12-07T21:11:11","date_gmt":"2020-12-08T00:11:11","guid":{"rendered":"https:\/\/adepepe.org\/site\/?p=4403"},"modified":"2020-12-07T22:13:24","modified_gmt":"2020-12-08T01:13:24","slug":"vice-presidente-da-adepepe-participa-de-posse-dos-novos-defensores-publicos","status":"publish","type":"post","link":"https:\/\/adepepe.org\/site\/vice-presidente-da-adepepe-participa-de-posse-dos-novos-defensores-publicos\/","title":{"rendered":"Vice-presidente da Adepepe participa de posse dos novos defensores p\u00fablicos"},"content":{"rendered":"<p class=\"p1\">Representando a Adepepe, o vice-presidente \u00c9rico Douglas participou da cerim\u00f4nia de posse dos quatro novos defensores p\u00fablicos de Pernambuco, na \u00faltima sexta-feira (4\/12). A solenidade aconteceu no audit\u00f3rio da Central de Atendimento C\u00edvel da Capital, na \u00e1rea central do Recife, respeitando os protocolos sanit\u00e1rios.<\/p>\n<p class=\"p1\"><span class=\"s1\">Os rec\u00e9m-chegados Gabriela Lima Andrade, Marcelo Navarro, Rafael Braga e Pedro Freitas<span class=\"Apple-converted-space\">\u00a0 <\/span>v\u00e3o atuar nos munic\u00edpios de Surubim, Santa Maria do Cambuc\u00e1, Cust\u00f3dia, Bu\u00edque e Canhotinho, refor\u00e7ando os direitos dos mais vulner\u00e1veis no interior do Estado.<span class=\"Apple-converted-space\">\u00a0 <\/span>Confira no v\u00eddeo o discurso do vice-presidente da associa\u00e7\u00e3o saudando os novos defensores.<\/span><\/p>\n<div style=\"width: 1920px;\" class=\"wp-video\"><!--[if lt IE 9]><script>document.createElement('video');<\/script><![endif]-->\n<video class=\"wp-video-shortcode\" id=\"video-4403-1\" width=\"1920\" height=\"1080\" preload=\"metadata\" controls=\"controls\"><source type=\"video\/mp4\" src=\"https:\/\/adepepe.org\/site\/wp-content\/uploads\/2020\/12\/IMG_3341.mp4?_=1\" \/><a href=\"https:\/\/adepepe.org\/site\/wp-content\/uploads\/2020\/12\/IMG_3341.mp4\">https:\/\/adepepe.org\/site\/wp-content\/uploads\/2020\/12\/IMG_3341.mp4<\/a><\/video><\/div>\n","protected":false},"excerpt":{"rendered":"<p>Representando a Adepepe, o vice-presidente \u00c9rico Douglas participou da cerim\u00f4nia de posse dos quatro novos defensores p\u00fablicos de Pernambuco, na \u00faltima sexta-feira (4\/12). A solenidade aconteceu no audit\u00f3rio da Central de Atendimento C\u00edvel da Capital, na \u00e1rea central do Recife, respeitando os protocolos sanit\u00e1rios. Os rec\u00e9m-chegados Gabriela Lima Andrade, Marcelo Navarro, Rafael Braga e Pedro [&hellip;]<\/p>\n","protected":false},"author":8,"featured_media":4407,"comment_status":"open","ping_status":"open","sticky":false,"template":"","format":"standard","meta":{"footnotes":""},"categories":[5],"tags":[7],"class_list":["post-4403","post","type-post","status-publish","format-standard","has-post-thumbnail","hentry","category-noticias","tag-destaque"],"_links":{"self":[{"href":"https:\/\/adepepe.org\/site\/wp-json\/wp\/v2\/posts\/4403","targetHints":{"allow":["GET"]}}],"collection":[{"href":"https:\/\/adepepe.org\/site\/wp-json\/wp\/v2\/posts"}],"about":[{"href":"https:\/\/adepepe.org\/site\/wp-json\/wp\/v2\/types\/post"}],"author":[{"embeddable":true,"href":"https:\/\/adepepe.org\/site\/wp-json\/wp\/v2\/users\/8"}],"replies":[{"embeddable":true,"href":"https:\/\/adepepe.org\/site\/wp-json\/wp\/v2\/comments?post=4403"}],"version-history":[{"count":4,"href":"https:\/\/adepepe.org\/site\/wp-json\/wp\/v2\/posts\/4403\/revisions"}],"predecessor-version":[{"id":4409,"href":"https:\/\/adepepe.org\/site\/wp-json\/wp\/v2\/posts\/4403\/revisions\/4409"}],"wp:featuredmedia":[{"embeddable":true,"href":"https:\/\/adepepe.org\/site\/wp-json\/wp\/v2\/media\/4407"}],"wp:attachment":[{"href":"https:\/\/adepepe.org\/site\/wp-json\/wp\/v2\/media?parent=4403"}],"wp:term":[{"taxonomy":"category","embeddable":true,"href":"https:\/\/adepepe.org\/site\/wp-json\/wp\/v2\/categories?post=4403"},{"taxonomy":"post_tag","embeddable":true,"href":"https:\/\/adepepe.org\/site\/wp-json\/wp\/v2\/tags?post=4403"}],"curies":[{"name":"wp","href":"https:\/\/api.w.org\/{rel}","templated":true}]}}