{"id":4459,"date":"2021-02-24T10:58:13","date_gmt":"2021-02-24T13:58:13","guid":{"rendered":"https:\/\/adepepe.org\/site\/?p=4459"},"modified":"2021-02-24T11:06:48","modified_gmt":"2021-02-24T14:06:48","slug":"novos-defensores-publicos-se-associam-a-adepepe-2","status":"publish","type":"post","link":"https:\/\/adepepe.org\/site\/novos-defensores-publicos-se-associam-a-adepepe-2\/","title":{"rendered":"Novos defensores p\u00fablicos se filiam \u00e0 Adepepe"},"content":{"rendered":"<p><a href=\"https:\/\/adepepe.org\/site\/wp-content\/uploads\/2021\/02\/WhatsApp-Image-2021-02-23-at-18.05.40.jpeg\"><img loading=\"lazy\" decoding=\"async\" class=\"alignleft size-medium wp-image-4460\" src=\"https:\/\/adepepe.org\/site\/wp-content\/uploads\/2021\/02\/WhatsApp-Image-2021-02-23-at-18.05.40-770x512.jpeg\" alt=\"\" width=\"770\" height=\"512\" srcset=\"https:\/\/adepepe.org\/site\/wp-content\/uploads\/2021\/02\/WhatsApp-Image-2021-02-23-at-18.05.40-770x512.jpeg 770w, https:\/\/adepepe.org\/site\/wp-content\/uploads\/2021\/02\/WhatsApp-Image-2021-02-23-at-18.05.40-768x511.jpeg 768w, https:\/\/adepepe.org\/site\/wp-content\/uploads\/2021\/02\/WhatsApp-Image-2021-02-23-at-18.05.40.jpeg 1024w\" sizes=\"auto, (max-width: 770px) 100vw, 770px\" \/><\/a><\/p>\n<p>&nbsp;<\/p>\n<p>Nesta ter\u00e7a-feira (23\/2), a Adepepe recebeu a visita dos novos novos defensores p\u00fablicos, que tomar\u00e3o posse em solenidade a ser realizada nesta quarta-feira (24\/2) na Defensoria P\u00fablica de Pernambuco. O grupo compareceu \u00e0 sede da associa\u00e7\u00e3o acompanhado do Defensor P\u00fablico Geral, Jos\u00e9 Fabr\u00edcio Lima, e foi recebido pelo presidente da Adepepe, Edmundo Siqueira Campos. Na ocasi\u00e3o, Danilo Vital de Oliveira, Daniel Nunes, Pedro Phillip Barbosa e Mariana Chaffin assinaram o formul\u00e1rio de filia\u00e7\u00e3o \u00e0 Adepepe. Tamb\u00e9m participou da visita a defensora p\u00fablica Juliana Paranhos, que tomou posse e associou-se \u00e0 Adepepe no m\u00eas de janeiro.<\/p>\n","protected":false},"excerpt":{"rendered":"<p>&nbsp; Nesta ter\u00e7a-feira (23\/2), a Adepepe recebeu a visita dos novos novos defensores p\u00fablicos, que tomar\u00e3o posse em solenidade a ser realizada nesta quarta-feira (24\/2) na Defensoria P\u00fablica de Pernambuco. O grupo compareceu \u00e0 sede da associa\u00e7\u00e3o acompanhado do Defensor P\u00fablico Geral, Jos\u00e9 Fabr\u00edcio Lima, e foi recebido pelo presidente da Adepepe, Edmundo Siqueira Campos. [&hellip;]<\/p>\n","protected":false},"author":8,"featured_media":4460,"comment_status":"open","ping_status":"open","sticky":false,"template":"","format":"standard","meta":{"footnotes":""},"categories":[5],"tags":[7],"class_list":["post-4459","post","type-post","status-publish","format-standard","has-post-thumbnail","hentry","category-noticias","tag-destaque"],"_links":{"self":[{"href":"https:\/\/adepepe.org\/site\/wp-json\/wp\/v2\/posts\/4459","targetHints":{"allow":["GET"]}}],"collection":[{"href":"https:\/\/adepepe.org\/site\/wp-json\/wp\/v2\/posts"}],"about":[{"href":"https:\/\/adepepe.org\/site\/wp-json\/wp\/v2\/types\/post"}],"author":[{"embeddable":true,"href":"https:\/\/adepepe.org\/site\/wp-json\/wp\/v2\/users\/8"}],"replies":[{"embeddable":true,"href":"https:\/\/adepepe.org\/site\/wp-json\/wp\/v2\/comments?post=4459"}],"version-history":[{"count":5,"href":"https:\/\/adepepe.org\/site\/wp-json\/wp\/v2\/posts\/4459\/revisions"}],"predecessor-version":[{"id":4465,"href":"https:\/\/adepepe.org\/site\/wp-json\/wp\/v2\/posts\/4459\/revisions\/4465"}],"wp:featuredmedia":[{"embeddable":true,"href":"https:\/\/adepepe.org\/site\/wp-json\/wp\/v2\/media\/4460"}],"wp:attachment":[{"href":"https:\/\/adepepe.org\/site\/wp-json\/wp\/v2\/media?parent=4459"}],"wp:term":[{"taxonomy":"category","embeddable":true,"href":"https:\/\/adepepe.org\/site\/wp-json\/wp\/v2\/categories?post=4459"},{"taxonomy":"post_tag","embeddable":true,"href":"https:\/\/adepepe.org\/site\/wp-json\/wp\/v2\/tags?post=4459"}],"curies":[{"name":"wp","href":"https:\/\/api.w.org\/{rel}","templated":true}]}}