{"id":4627,"date":"2021-10-29T09:03:22","date_gmt":"2021-10-29T12:03:22","guid":{"rendered":"https:\/\/adepepe.org\/site\/?p=4627"},"modified":"2021-10-29T09:03:22","modified_gmt":"2021-10-29T12:03:22","slug":"nota-de-pesar-15","status":"publish","type":"post","link":"https:\/\/adepepe.org\/site\/nota-de-pesar-15\/","title":{"rendered":"Nota de pesar"},"content":{"rendered":"<p>A Adepepe comunica, com profundo pesar, o falecimento de Maria da Penha Nogueira Brasil, m\u00e3e das defensorias p\u00fablicas associadas Nilza Campos Leal e Nilma Campos Leal. Nos solidarizamos \u00e0 fam\u00edlia enlutada neste momento de tristeza inestim\u00e1vel.<\/p>\n","protected":false},"excerpt":{"rendered":"<p>A Adepepe comunica, com profundo pesar, o falecimento de Maria da Penha Nogueira Brasil, m\u00e3e das defensorias p\u00fablicas associadas Nilza Campos Leal e Nilma Campos Leal. Nos solidarizamos \u00e0 fam\u00edlia enlutada neste momento de tristeza inestim\u00e1vel.<\/p>\n","protected":false},"author":8,"featured_media":0,"comment_status":"open","ping_status":"open","sticky":false,"template":"","format":"standard","meta":{"footnotes":""},"categories":[5],"tags":[],"class_list":["post-4627","post","type-post","status-publish","format-standard","hentry","category-noticias"],"_links":{"self":[{"href":"https:\/\/adepepe.org\/site\/wp-json\/wp\/v2\/posts\/4627","targetHints":{"allow":["GET"]}}],"collection":[{"href":"https:\/\/adepepe.org\/site\/wp-json\/wp\/v2\/posts"}],"about":[{"href":"https:\/\/adepepe.org\/site\/wp-json\/wp\/v2\/types\/post"}],"author":[{"embeddable":true,"href":"https:\/\/adepepe.org\/site\/wp-json\/wp\/v2\/users\/8"}],"replies":[{"embeddable":true,"href":"https:\/\/adepepe.org\/site\/wp-json\/wp\/v2\/comments?post=4627"}],"version-history":[{"count":1,"href":"https:\/\/adepepe.org\/site\/wp-json\/wp\/v2\/posts\/4627\/revisions"}],"predecessor-version":[{"id":4628,"href":"https:\/\/adepepe.org\/site\/wp-json\/wp\/v2\/posts\/4627\/revisions\/4628"}],"wp:attachment":[{"href":"https:\/\/adepepe.org\/site\/wp-json\/wp\/v2\/media?parent=4627"}],"wp:term":[{"taxonomy":"category","embeddable":true,"href":"https:\/\/adepepe.org\/site\/wp-json\/wp\/v2\/categories?post=4627"},{"taxonomy":"post_tag","embeddable":true,"href":"https:\/\/adepepe.org\/site\/wp-json\/wp\/v2\/tags?post=4627"}],"curies":[{"name":"wp","href":"https:\/\/api.w.org\/{rel}","templated":true}]}}