{"id":4880,"date":"2023-02-10T13:22:26","date_gmt":"2023-02-10T16:22:26","guid":{"rendered":"https:\/\/adepepe.org\/site\/?p=4880"},"modified":"2023-02-10T13:22:26","modified_gmt":"2023-02-10T16:22:26","slug":"presidente-da-adepepe-faz-visita-ao-defensor-publico-geral","status":"publish","type":"post","link":"https:\/\/adepepe.org\/site\/presidente-da-adepepe-faz-visita-ao-defensor-publico-geral\/","title":{"rendered":"Presidente da Adepepe faz visita ao defensor p\u00fablico-geral"},"content":{"rendered":"<p><a href=\"https:\/\/adepepe.org\/site\/wp-content\/uploads\/2023\/02\/90966B5F-DABE-4BC2-8D61-5D18D33BDBF2.jpeg\"><img loading=\"lazy\" decoding=\"async\" class=\"alignleft size-medium wp-image-4881\" src=\"https:\/\/adepepe.org\/site\/wp-content\/uploads\/2023\/02\/90966B5F-DABE-4BC2-8D61-5D18D33BDBF2-770x578.jpeg\" alt=\"\" width=\"770\" height=\"578\" srcset=\"https:\/\/adepepe.org\/site\/wp-content\/uploads\/2023\/02\/90966B5F-DABE-4BC2-8D61-5D18D33BDBF2-770x578.jpeg 770w, https:\/\/adepepe.org\/site\/wp-content\/uploads\/2023\/02\/90966B5F-DABE-4BC2-8D61-5D18D33BDBF2-1024x768.jpeg 1024w, https:\/\/adepepe.org\/site\/wp-content\/uploads\/2023\/02\/90966B5F-DABE-4BC2-8D61-5D18D33BDBF2-768x576.jpeg 768w, https:\/\/adepepe.org\/site\/wp-content\/uploads\/2023\/02\/90966B5F-DABE-4BC2-8D61-5D18D33BDBF2-1536x1152.jpeg 1536w, https:\/\/adepepe.org\/site\/wp-content\/uploads\/2023\/02\/90966B5F-DABE-4BC2-8D61-5D18D33BDBF2.jpeg 1600w\" sizes=\"auto, (max-width: 770px) 100vw, 770px\" \/><\/a><\/p>\n<p>&nbsp;<\/p>\n<p>&nbsp;<\/p>\n<p>&nbsp;<\/p>\n<p>&nbsp;<\/p>\n<p>&nbsp;<\/p>\n<p>&nbsp;<\/p>\n<p>O presidente da Adepepe, Edmundo Siqueira Campos, realizou, nesta quarta-feira (8\/2), uma visita de cortesia ao defensor p\u00fablico-geral, Henrique Seixas, para agradecer o empenho da atual gest\u00e3o da Defensoria P\u00fablica de Pernambuco na consolida\u00e7\u00e3o do reenquadramento e consequente corre\u00e7\u00e3o da tabela de vencimentos dos aposentados e pensionistas. A partir do pr\u00f3ximo m\u00eas, o valor da remunera\u00e7\u00e3o previsto na Lei Complementar n. 473\/2022 ser\u00e1 creditado nos contracheques. Esta era uma luta antiga da Adepepe, que foi concretizada atrav\u00e9s de uni\u00e3o e do trabalho em conjunto com a gest\u00e3o.<\/p>\n","protected":false},"excerpt":{"rendered":"<p>&nbsp; &nbsp; &nbsp; &nbsp; &nbsp; &nbsp; O presidente da Adepepe, Edmundo Siqueira Campos, realizou, nesta quarta-feira (8\/2), uma visita de cortesia ao defensor p\u00fablico-geral, Henrique Seixas, para agradecer o empenho da atual gest\u00e3o da Defensoria P\u00fablica de Pernambuco na consolida\u00e7\u00e3o do reenquadramento e consequente corre\u00e7\u00e3o da tabela de vencimentos dos aposentados e pensionistas. A partir [&hellip;]<\/p>\n","protected":false},"author":8,"featured_media":4881,"comment_status":"open","ping_status":"open","sticky":false,"template":"","format":"standard","meta":{"footnotes":""},"categories":[38,5],"tags":[7],"class_list":["post-4880","post","type-post","status-publish","format-standard","has-post-thumbnail","hentry","category-destaque","category-noticias","tag-destaque"],"_links":{"self":[{"href":"https:\/\/adepepe.org\/site\/wp-json\/wp\/v2\/posts\/4880","targetHints":{"allow":["GET"]}}],"collection":[{"href":"https:\/\/adepepe.org\/site\/wp-json\/wp\/v2\/posts"}],"about":[{"href":"https:\/\/adepepe.org\/site\/wp-json\/wp\/v2\/types\/post"}],"author":[{"embeddable":true,"href":"https:\/\/adepepe.org\/site\/wp-json\/wp\/v2\/users\/8"}],"replies":[{"embeddable":true,"href":"https:\/\/adepepe.org\/site\/wp-json\/wp\/v2\/comments?post=4880"}],"version-history":[{"count":1,"href":"https:\/\/adepepe.org\/site\/wp-json\/wp\/v2\/posts\/4880\/revisions"}],"predecessor-version":[{"id":4882,"href":"https:\/\/adepepe.org\/site\/wp-json\/wp\/v2\/posts\/4880\/revisions\/4882"}],"wp:featuredmedia":[{"embeddable":true,"href":"https:\/\/adepepe.org\/site\/wp-json\/wp\/v2\/media\/4881"}],"wp:attachment":[{"href":"https:\/\/adepepe.org\/site\/wp-json\/wp\/v2\/media?parent=4880"}],"wp:term":[{"taxonomy":"category","embeddable":true,"href":"https:\/\/adepepe.org\/site\/wp-json\/wp\/v2\/categories?post=4880"},{"taxonomy":"post_tag","embeddable":true,"href":"https:\/\/adepepe.org\/site\/wp-json\/wp\/v2\/tags?post=4880"}],"curies":[{"name":"wp","href":"https:\/\/api.w.org\/{rel}","templated":true}]}}