{"id":5148,"date":"2024-05-30T17:18:03","date_gmt":"2024-05-30T20:18:03","guid":{"rendered":"https:\/\/adepepe.org\/site\/?p=5148"},"modified":"2024-05-30T17:47:57","modified_gmt":"2024-05-30T20:47:57","slug":"politica-de-valorizacao-da-maternidade-e-amamentacao-e-de-protecao-da-primeira-infancia-e-aprovada","status":"publish","type":"post","link":"https:\/\/adepepe.org\/site\/politica-de-valorizacao-da-maternidade-e-amamentacao-e-de-protecao-da-primeira-infancia-e-aprovada\/","title":{"rendered":"Pol\u00edtica de Valoriza\u00e7\u00e3o da Maternidade e Amamenta\u00e7\u00e3o e de Prote\u00e7\u00e3o da Primeira Inf\u00e2ncia \u00e9 aprovada"},"content":{"rendered":"<p><a href=\"https:\/\/adepepe.org\/site\/wp-content\/uploads\/2024\/05\/5723d0e8-c6fd-4a5a-b8f3-e7dacc30cdac.jpeg\"><img loading=\"lazy\" decoding=\"async\" class=\"alignleft wp-image-5149 size-medium\" src=\"https:\/\/adepepe.org\/site\/wp-content\/uploads\/2024\/05\/5723d0e8-c6fd-4a5a-b8f3-e7dacc30cdac-770x432.jpeg\" alt=\"\" width=\"770\" height=\"432\" srcset=\"https:\/\/adepepe.org\/site\/wp-content\/uploads\/2024\/05\/5723d0e8-c6fd-4a5a-b8f3-e7dacc30cdac-770x432.jpeg 770w, https:\/\/adepepe.org\/site\/wp-content\/uploads\/2024\/05\/5723d0e8-c6fd-4a5a-b8f3-e7dacc30cdac-1024x574.jpeg 1024w, https:\/\/adepepe.org\/site\/wp-content\/uploads\/2024\/05\/5723d0e8-c6fd-4a5a-b8f3-e7dacc30cdac-768x431.jpeg 768w, https:\/\/adepepe.org\/site\/wp-content\/uploads\/2024\/05\/5723d0e8-c6fd-4a5a-b8f3-e7dacc30cdac-1536x861.jpeg 1536w, https:\/\/adepepe.org\/site\/wp-content\/uploads\/2024\/05\/5723d0e8-c6fd-4a5a-b8f3-e7dacc30cdac.jpeg 1600w\" sizes=\"auto, (max-width: 770px) 100vw, 770px\" \/><\/a> <a href=\"https:\/\/adepepe.org\/site\/wp-content\/uploads\/2024\/05\/8f7a3b38-73da-47ac-8a63-fa200ac3ddcd.jpeg\"><img loading=\"lazy\" decoding=\"async\" class=\"alignleft wp-image-5150 size-medium\" src=\"https:\/\/adepepe.org\/site\/wp-content\/uploads\/2024\/05\/8f7a3b38-73da-47ac-8a63-fa200ac3ddcd-770x513.jpeg\" alt=\"\" width=\"770\" height=\"513\" srcset=\"https:\/\/adepepe.org\/site\/wp-content\/uploads\/2024\/05\/8f7a3b38-73da-47ac-8a63-fa200ac3ddcd-770x513.jpeg 770w, https:\/\/adepepe.org\/site\/wp-content\/uploads\/2024\/05\/8f7a3b38-73da-47ac-8a63-fa200ac3ddcd-1024x682.jpeg 1024w, https:\/\/adepepe.org\/site\/wp-content\/uploads\/2024\/05\/8f7a3b38-73da-47ac-8a63-fa200ac3ddcd-768x512.jpeg 768w, https:\/\/adepepe.org\/site\/wp-content\/uploads\/2024\/05\/8f7a3b38-73da-47ac-8a63-fa200ac3ddcd-1536x1023.jpeg 1536w, https:\/\/adepepe.org\/site\/wp-content\/uploads\/2024\/05\/8f7a3b38-73da-47ac-8a63-fa200ac3ddcd.jpeg 1600w\" sizes=\"auto, (max-width: 770px) 100vw, 770px\" \/><\/a> <a href=\"https:\/\/adepepe.org\/site\/wp-content\/uploads\/2024\/05\/2331e6c0-d062-4c25-9c84-231f8d6c9fc2.jpeg\"><img loading=\"lazy\" decoding=\"async\" class=\"alignleft wp-image-5151 size-medium\" src=\"https:\/\/adepepe.org\/site\/wp-content\/uploads\/2024\/05\/2331e6c0-d062-4c25-9c84-231f8d6c9fc2-770x513.jpeg\" alt=\"\" width=\"770\" height=\"513\" srcset=\"https:\/\/adepepe.org\/site\/wp-content\/uploads\/2024\/05\/2331e6c0-d062-4c25-9c84-231f8d6c9fc2-770x513.jpeg 770w, https:\/\/adepepe.org\/site\/wp-content\/uploads\/2024\/05\/2331e6c0-d062-4c25-9c84-231f8d6c9fc2-1024x682.jpeg 1024w, https:\/\/adepepe.org\/site\/wp-content\/uploads\/2024\/05\/2331e6c0-d062-4c25-9c84-231f8d6c9fc2-768x512.jpeg 768w, https:\/\/adepepe.org\/site\/wp-content\/uploads\/2024\/05\/2331e6c0-d062-4c25-9c84-231f8d6c9fc2-1536x1023.jpeg 1536w, https:\/\/adepepe.org\/site\/wp-content\/uploads\/2024\/05\/2331e6c0-d062-4c25-9c84-231f8d6c9fc2.jpeg 1600w\" sizes=\"auto, (max-width: 770px) 100vw, 770px\" \/><\/a> <a href=\"https:\/\/adepepe.org\/site\/wp-content\/uploads\/2024\/05\/e79ad74e-5b84-430d-818c-2de2e707a8ca.jpeg\"><img loading=\"lazy\" decoding=\"async\" class=\"alignleft wp-image-5152 size-medium\" src=\"https:\/\/adepepe.org\/site\/wp-content\/uploads\/2024\/05\/e79ad74e-5b84-430d-818c-2de2e707a8ca-770x432.jpeg\" alt=\"\" width=\"770\" height=\"432\" srcset=\"https:\/\/adepepe.org\/site\/wp-content\/uploads\/2024\/05\/e79ad74e-5b84-430d-818c-2de2e707a8ca-770x432.jpeg 770w, https:\/\/adepepe.org\/site\/wp-content\/uploads\/2024\/05\/e79ad74e-5b84-430d-818c-2de2e707a8ca-1024x574.jpeg 1024w, https:\/\/adepepe.org\/site\/wp-content\/uploads\/2024\/05\/e79ad74e-5b84-430d-818c-2de2e707a8ca-768x431.jpeg 768w, https:\/\/adepepe.org\/site\/wp-content\/uploads\/2024\/05\/e79ad74e-5b84-430d-818c-2de2e707a8ca-1536x861.jpeg 1536w, https:\/\/adepepe.org\/site\/wp-content\/uploads\/2024\/05\/e79ad74e-5b84-430d-818c-2de2e707a8ca.jpeg 1600w\" sizes=\"auto, (max-width: 770px) 100vw, 770px\" \/><\/a> <a href=\"https:\/\/adepepe.org\/site\/wp-content\/uploads\/2024\/05\/5fd30320-02c6-4fed-b697-2a452accd949.jpeg\"><img loading=\"lazy\" decoding=\"async\" class=\"alignleft wp-image-5153 size-medium\" src=\"https:\/\/adepepe.org\/site\/wp-content\/uploads\/2024\/05\/5fd30320-02c6-4fed-b697-2a452accd949-770x513.jpeg\" alt=\"\" width=\"770\" height=\"513\" srcset=\"https:\/\/adepepe.org\/site\/wp-content\/uploads\/2024\/05\/5fd30320-02c6-4fed-b697-2a452accd949-770x513.jpeg 770w, https:\/\/adepepe.org\/site\/wp-content\/uploads\/2024\/05\/5fd30320-02c6-4fed-b697-2a452accd949-1024x682.jpeg 1024w, https:\/\/adepepe.org\/site\/wp-content\/uploads\/2024\/05\/5fd30320-02c6-4fed-b697-2a452accd949-768x512.jpeg 768w, https:\/\/adepepe.org\/site\/wp-content\/uploads\/2024\/05\/5fd30320-02c6-4fed-b697-2a452accd949-1536x1023.jpeg 1536w, https:\/\/adepepe.org\/site\/wp-content\/uploads\/2024\/05\/5fd30320-02c6-4fed-b697-2a452accd949.jpeg 1600w\" sizes=\"auto, (max-width: 770px) 100vw, 770px\" \/><\/a> <a href=\"https:\/\/adepepe.org\/site\/wp-content\/uploads\/2024\/05\/9c81b897-8edc-4a9f-bd35-b405581540ef.jpeg\"><img loading=\"lazy\" decoding=\"async\" class=\"alignleft wp-image-5154 size-medium\" src=\"https:\/\/adepepe.org\/site\/wp-content\/uploads\/2024\/05\/9c81b897-8edc-4a9f-bd35-b405581540ef-522x770.jpeg\" alt=\"\" width=\"522\" height=\"770\" srcset=\"https:\/\/adepepe.org\/site\/wp-content\/uploads\/2024\/05\/9c81b897-8edc-4a9f-bd35-b405581540ef-522x770.jpeg 522w, https:\/\/adepepe.org\/site\/wp-content\/uploads\/2024\/05\/9c81b897-8edc-4a9f-bd35-b405581540ef-695x1024.jpeg 695w, https:\/\/adepepe.org\/site\/wp-content\/uploads\/2024\/05\/9c81b897-8edc-4a9f-bd35-b405581540ef-768x1132.jpeg 768w, https:\/\/adepepe.org\/site\/wp-content\/uploads\/2024\/05\/9c81b897-8edc-4a9f-bd35-b405581540ef.jpeg 1035w\" sizes=\"auto, (max-width: 522px) 100vw, 522px\" \/><\/a> <a href=\"https:\/\/adepepe.org\/site\/wp-content\/uploads\/2024\/05\/7047b761-0b67-4346-8c46-ab5c9cf5f1f5.jpeg\"><img loading=\"lazy\" decoding=\"async\" class=\"alignleft wp-image-5155 size-medium\" src=\"https:\/\/adepepe.org\/site\/wp-content\/uploads\/2024\/05\/7047b761-0b67-4346-8c46-ab5c9cf5f1f5-770x513.jpeg\" alt=\"\" width=\"770\" height=\"513\" srcset=\"https:\/\/adepepe.org\/site\/wp-content\/uploads\/2024\/05\/7047b761-0b67-4346-8c46-ab5c9cf5f1f5-770x513.jpeg 770w, https:\/\/adepepe.org\/site\/wp-content\/uploads\/2024\/05\/7047b761-0b67-4346-8c46-ab5c9cf5f1f5-1024x682.jpeg 1024w, https:\/\/adepepe.org\/site\/wp-content\/uploads\/2024\/05\/7047b761-0b67-4346-8c46-ab5c9cf5f1f5-768x512.jpeg 768w, https:\/\/adepepe.org\/site\/wp-content\/uploads\/2024\/05\/7047b761-0b67-4346-8c46-ab5c9cf5f1f5-1536x1023.jpeg 1536w, https:\/\/adepepe.org\/site\/wp-content\/uploads\/2024\/05\/7047b761-0b67-4346-8c46-ab5c9cf5f1f5.jpeg 1600w\" sizes=\"auto, (max-width: 770px) 100vw, 770px\" \/><\/a> <a href=\"https:\/\/adepepe.org\/site\/wp-content\/uploads\/2024\/05\/d28b1d84-dedf-4cf6-95be-08d4fdf8feef.jpeg\"><img loading=\"lazy\" decoding=\"async\" class=\"alignleft wp-image-5156 size-medium\" src=\"https:\/\/adepepe.org\/site\/wp-content\/uploads\/2024\/05\/d28b1d84-dedf-4cf6-95be-08d4fdf8feef-770x432.jpeg\" alt=\"\" width=\"770\" height=\"432\" srcset=\"https:\/\/adepepe.org\/site\/wp-content\/uploads\/2024\/05\/d28b1d84-dedf-4cf6-95be-08d4fdf8feef-770x432.jpeg 770w, https:\/\/adepepe.org\/site\/wp-content\/uploads\/2024\/05\/d28b1d84-dedf-4cf6-95be-08d4fdf8feef-1024x574.jpeg 1024w, https:\/\/adepepe.org\/site\/wp-content\/uploads\/2024\/05\/d28b1d84-dedf-4cf6-95be-08d4fdf8feef-768x431.jpeg 768w, https:\/\/adepepe.org\/site\/wp-content\/uploads\/2024\/05\/d28b1d84-dedf-4cf6-95be-08d4fdf8feef-1536x861.jpeg 1536w, https:\/\/adepepe.org\/site\/wp-content\/uploads\/2024\/05\/d28b1d84-dedf-4cf6-95be-08d4fdf8feef.jpeg 1600w\" sizes=\"auto, (max-width: 770px) 100vw, 770px\" \/><\/a> <a href=\"https:\/\/adepepe.org\/site\/wp-content\/uploads\/2024\/05\/47d19319-d418-4db2-9f6b-320ee69de839.jpeg\"><img loading=\"lazy\" decoding=\"async\" class=\"wp-image-5157 size-medium alignnone\" src=\"https:\/\/adepepe.org\/site\/wp-content\/uploads\/2024\/05\/47d19319-d418-4db2-9f6b-320ee69de839-770x432.jpeg\" alt=\"\" width=\"770\" height=\"432\" srcset=\"https:\/\/adepepe.org\/site\/wp-content\/uploads\/2024\/05\/47d19319-d418-4db2-9f6b-320ee69de839-770x432.jpeg 770w, https:\/\/adepepe.org\/site\/wp-content\/uploads\/2024\/05\/47d19319-d418-4db2-9f6b-320ee69de839-1024x574.jpeg 1024w, https:\/\/adepepe.org\/site\/wp-content\/uploads\/2024\/05\/47d19319-d418-4db2-9f6b-320ee69de839-768x431.jpeg 768w, https:\/\/adepepe.org\/site\/wp-content\/uploads\/2024\/05\/47d19319-d418-4db2-9f6b-320ee69de839-1536x861.jpeg 1536w, https:\/\/adepepe.org\/site\/wp-content\/uploads\/2024\/05\/47d19319-d418-4db2-9f6b-320ee69de839.jpeg 1600w\" sizes=\"auto, (max-width: 770px) 100vw, 770px\" \/><\/a><\/p>\n<p>Pol\u00edtica de Valoriza\u00e7\u00e3o da Maternidade e Amamenta\u00e7\u00e3o e de Prote\u00e7\u00e3o da Primeira Inf\u00e2ncia \u00e9 aprovada<\/p>\n<p>Dia hist\u00f3rico para as defensoras p\u00fablicas pernambucanas e suas fam\u00edlias. Na noite desta quarta-feira (29\/5), o Conselho Superior da Defensoria P\u00fablica de Pernambuco aprovou por unanimidade a resolu\u00e7\u00e3o que institui a Pol\u00edtica de Valoriza\u00e7\u00e3o da Maternidade e Amamenta\u00e7\u00e3o e de Prote\u00e7\u00e3o da Primeira Inf\u00e2ncia, pleito levado ao \u00f3rg\u00e3o pela ADEPEPE.<\/p>\n<p>Na ocasi\u00e3o, as defensoras D\u00e9bora Andrade, Ana Carolina Kouri e Luana Melo, que participam do GT, fizeram sustenta\u00e7\u00e3o oral perante os Conselheiros. Ap\u00f3s voto da conselheira relatora, Dandy Pessoa, o presidente da ADEPEPE usou do direito de voz para levantar um ponto espec\u00edfico em rela\u00e7\u00e3o \u00e0 mat\u00e9ria em delibera\u00e7\u00e3o. &#8220;Durante a sess\u00e3o, o voto da Exma. Conselheira Relatora era de admitir apenas uma \u00fanica prorroga\u00e7\u00e3o do per\u00edodo de regime especial de trabalho, por\u00e9m, com a nossa interven\u00e7\u00e3o, especialmente os argumentos invocados de ordem t\u00e9cnica e jur\u00eddica, a relatora refluiu no entendimento, acolhendo as nossas sugest\u00f5es. Mais uma conquista e motivo de comemora\u00e7\u00e3o, dada a relev\u00e2ncia e as peculiaridades da mat\u00e9ria, que prestigia a maternidade, a lacta\u00e7\u00e3o e a primeira inf\u00e2ncia. M\u00e3es e seus beb\u00eas tiveram seus direitos protegidos, dentro dos ideais e valores que o Estado Democr\u00e1tico de Direito evidencia. Foi um trabalho coletivo, como tem que ser, pr\u00f3prio do associativismo que existe para quebrar paradigmas, construir, avan\u00e7ar, lutar por melhores condi\u00e7\u00f5es de trabalho e de vida.&#8221;<\/p>\n<p>A Defensora P\u00fablica associada D\u00e9bora Andrade tamb\u00e9m comemorou a conquista. \u201cAgora temos uma pol\u00edtica p\u00fablica para prote\u00e7\u00e3o da maternidade, amamenta\u00e7\u00e3o e primeira inf\u00e2ncia em nossa institui\u00e7\u00e3o. Essa \u00e9 uma vit\u00f3ria do trabalho coletivo, acolhida pelos nossos conselheiros e em especial pela relatora\u2069 que lapidou conosco o texto sugerido e fez um grande esfor\u00e7o para que o projeto fosse aprovado ainda no m\u00eas das m\u00e3es. Em nome das 12 defensoras que pensaram no texto, agrade\u00e7o a Clodoaldo, que na representa\u00e7\u00e3o da associa\u00e7\u00e3o recebeu nossa proposta e a apresentou ao Conselho na semana passada. Mas n\u00e3o foi s\u00f3 isso: se reuniu com o grupo de trabalho, escutou nossas preocupa\u00e7\u00f5es e lutou por cada m\u00eas de gozo do direito\u201d, destacou.<\/p>\n<p>Assim, foi aprovado regime especial de trabalho \u00e0s m\u00e3es pelo per\u00edodo de 6 meses ap\u00f3s o t\u00e9rmino da licen\u00e7a maternidade. Ainda \u00e9 poss\u00edvel haver mais duas prorroga\u00e7\u00f5es por igual per\u00edodo mediante apresenta\u00e7\u00e3o de laudo m\u00e9dico, completando a janela de dois anos da primeira inf\u00e2ncia.<\/p>\n","protected":false},"excerpt":{"rendered":"<p>Pol\u00edtica de Valoriza\u00e7\u00e3o da Maternidade e Amamenta\u00e7\u00e3o e de Prote\u00e7\u00e3o da Primeira Inf\u00e2ncia \u00e9 aprovada Dia hist\u00f3rico para as defensoras p\u00fablicas pernambucanas e suas fam\u00edlias. Na noite desta quarta-feira (29\/5), o Conselho Superior da Defensoria P\u00fablica de Pernambuco aprovou por unanimidade a resolu\u00e7\u00e3o que institui a Pol\u00edtica de Valoriza\u00e7\u00e3o da Maternidade e Amamenta\u00e7\u00e3o e de [&hellip;]<\/p>\n","protected":false},"author":8,"featured_media":5149,"comment_status":"open","ping_status":"open","sticky":false,"template":"","format":"standard","meta":{"footnotes":""},"categories":[5],"tags":[7],"class_list":["post-5148","post","type-post","status-publish","format-standard","has-post-thumbnail","hentry","category-noticias","tag-destaque"],"_links":{"self":[{"href":"https:\/\/adepepe.org\/site\/wp-json\/wp\/v2\/posts\/5148","targetHints":{"allow":["GET"]}}],"collection":[{"href":"https:\/\/adepepe.org\/site\/wp-json\/wp\/v2\/posts"}],"about":[{"href":"https:\/\/adepepe.org\/site\/wp-json\/wp\/v2\/types\/post"}],"author":[{"embeddable":true,"href":"https:\/\/adepepe.org\/site\/wp-json\/wp\/v2\/users\/8"}],"replies":[{"embeddable":true,"href":"https:\/\/adepepe.org\/site\/wp-json\/wp\/v2\/comments?post=5148"}],"version-history":[{"count":4,"href":"https:\/\/adepepe.org\/site\/wp-json\/wp\/v2\/posts\/5148\/revisions"}],"predecessor-version":[{"id":5161,"href":"https:\/\/adepepe.org\/site\/wp-json\/wp\/v2\/posts\/5148\/revisions\/5161"}],"wp:featuredmedia":[{"embeddable":true,"href":"https:\/\/adepepe.org\/site\/wp-json\/wp\/v2\/media\/5149"}],"wp:attachment":[{"href":"https:\/\/adepepe.org\/site\/wp-json\/wp\/v2\/media?parent=5148"}],"wp:term":[{"taxonomy":"category","embeddable":true,"href":"https:\/\/adepepe.org\/site\/wp-json\/wp\/v2\/categories?post=5148"},{"taxonomy":"post_tag","embeddable":true,"href":"https:\/\/adepepe.org\/site\/wp-json\/wp\/v2\/tags?post=5148"}],"curies":[{"name":"wp","href":"https:\/\/api.w.org\/{rel}","templated":true}]}}