{"id":5341,"date":"2024-10-06T17:58:58","date_gmt":"2024-10-06T20:58:58","guid":{"rendered":"https:\/\/adepepe.org\/site\/?p=5341"},"modified":"2024-10-07T18:18:27","modified_gmt":"2024-10-07T21:18:27","slug":"adepepe-participou-de-missao-de-observacao-eleitoral","status":"publish","type":"post","link":"https:\/\/adepepe.org\/site\/adepepe-participou-de-missao-de-observacao-eleitoral\/","title":{"rendered":"Defensores p\u00fablicos pernambucanos participam de Miss\u00e3o de Observa\u00e7\u00e3o Eleitoral"},"content":{"rendered":"<p style=\"text-align: right;\"><a href=\"https:\/\/adepepe.org\/site\/wp-content\/uploads\/2024\/10\/32332c2f-7280-4c0f-951e-9d2ecdbae2d6.jpeg\"><img loading=\"lazy\" decoding=\"async\" class=\"alignleft size-medium wp-image-5342\" src=\"https:\/\/adepepe.org\/site\/wp-content\/uploads\/2024\/10\/32332c2f-7280-4c0f-951e-9d2ecdbae2d6-770x513.jpeg\" alt=\"\" width=\"770\" height=\"513\" srcset=\"https:\/\/adepepe.org\/site\/wp-content\/uploads\/2024\/10\/32332c2f-7280-4c0f-951e-9d2ecdbae2d6-770x513.jpeg 770w, https:\/\/adepepe.org\/site\/wp-content\/uploads\/2024\/10\/32332c2f-7280-4c0f-951e-9d2ecdbae2d6-1024x682.jpeg 1024w, https:\/\/adepepe.org\/site\/wp-content\/uploads\/2024\/10\/32332c2f-7280-4c0f-951e-9d2ecdbae2d6-768x512.jpeg 768w, https:\/\/adepepe.org\/site\/wp-content\/uploads\/2024\/10\/32332c2f-7280-4c0f-951e-9d2ecdbae2d6-1536x1023.jpeg 1536w, https:\/\/adepepe.org\/site\/wp-content\/uploads\/2024\/10\/32332c2f-7280-4c0f-951e-9d2ecdbae2d6.jpeg 1600w\" sizes=\"auto, (max-width: 770px) 100vw, 770px\" \/><\/a><\/p>\n<p>Neste domingo (6\/10), durante o 1\u00ba turno das elei\u00e7\u00f5es municipais, pela primeira vez, defensores p\u00fablicos pernambucanos participam da Miss\u00e3o de Observa\u00e7\u00e3o Eleitoral (MOE\/TSE). A Associa\u00e7\u00e3o dos Defensores P\u00fablicos de Pernambuco (ADEPEPE) teve tr\u00eas representantes atuando, entre eles o presidente da institui\u00e7\u00e3o, Clodoaldo Battista. Tamb\u00e9m participaram a 2\u00aa vice-presidente, Cynthia Credidio, e o diretor jur\u00eddico, Pedro Freire. Os defensores p\u00fablicos se inscreveram voluntariamente para participar da a\u00e7\u00e3o e atuaram como observadores no munic\u00edpio de Olinda.<\/p>\n<p>Logo no in\u00edcio da manh\u00e3, a equipe se reuniu na sede da ADEPEPE. De l\u00e1, seguiram para a sede do TRE-PE, onde participaram da Reuni\u00e3o Plen\u00e1ria e reuniram-se no Gabinete da Presid\u00eancia do \u00f3rg\u00e3o. \u201cFomos muito bem recebidos pelo presidente do TRE-PE, des. C\u00e2ndido Saraiva, e pelo corregedor eleitoral, des. Humberto Costa Vasconcelos J\u00fanior. Tivemos um tratamento excepcional e recebemos o reconhecimento do Tribunal pela atua\u00e7\u00e3o como observadores, contribuindo para a integridade e credibilidade do processo eleitoral\u201d, ressaltou Clodoaldo Battista.<\/p>\n<p>O diretor jur\u00eddico da ADEPEPE comemorou a participa\u00e7\u00e3o da institui\u00e7\u00e3o na observa\u00e7\u00e3o eleitoral. \u201cA atribui\u00e7\u00e3o desenvolvida hoje foi de grande import\u00e2ncia n\u00e3o s\u00f3 por reafirmar a lisura do processo eleitoral brasileiro, com a verifica\u00e7\u00e3o in loco de que o sistema de capta\u00e7\u00e3o de votos est\u00e1 ocorrendo com efici\u00eancia, mas sobretudo por ter sido realizado uma escuta ativa dos eleitores, que puderam externar sua confiabilidade no processo eleitoral e a exist\u00eancia de algum incidente durante a vota\u00e7\u00e3o\u201d, destaca Pedro Freire.<\/p>\n<p>Ao longo do dia, a equipe, que foi credenciada e recebeu o botton do Tribunal Superior Eleitoral para ter livre acesso \u00e0s Zonas e Se\u00e7\u00f5es Eleitorais, visitou os locais de vota\u00e7\u00e3o e realizou entrevistas com eleitores(a), presidentes(a) de se\u00e7\u00e3o, mes\u00e1rios(as), secret\u00e1rios(as) e agentes de seguran\u00e7a.<\/p>\n<p>Para a 2\u00aa vice-presidente da ADEPEPE, a miss\u00e3o de observa\u00e7\u00e3o representa significativa contribui\u00e7\u00e3o para o processo eleitoral, em especial, com a ouvida dos eleitores e coleta de informa\u00e7\u00f5es sobre quest\u00f5es estruturais nas se\u00e7\u00f5es de vota\u00e7\u00f5es para, de modo independente, serem encaminhadas ao TSE, cooperando com sugest\u00f5es para que tenhamos um processo eleitoral cada vez mais transparente, seguro e acess\u00edvel as pessoas mais vulner\u00e1veis. \u201cO dia de hoje nos mostrou o quanto \u00e9 necess\u00e1rio fortalecer a presen\u00e7a dos defensores e defensoras nas miss\u00f5es de observa\u00e7\u00e3o da ANADEP, verdadeiro exerc\u00edcio de cidadania para uma justi\u00e7a eleitoral mais participativa e inclusiva\u201d, ressalta Cynthia Credidio.<\/p>\n<p>A a\u00e7\u00e3o \u00e9 uma parceria entre a Associa\u00e7\u00e3o Nacional das Defensoras e Defensores P\u00fablicos (ANADEP) e as associa\u00e7\u00f5es estaduais e do Distrito Federal com o objetivo de contribuir para o aperfei\u00e7oamento do processo eleitoral em todo o Brasil. No total, 63 defensoras e defensores p\u00fablicos atuaram em 32 munic\u00edpios de 19 Estados.<\/p>\n<p>\u2026\u2026\u2026\u2026\u2026\u2026\u2026..<\/p>\n<p>Texto: Andr\u00e9a Neves | ASCOM ADEPEPE<\/p>\n","protected":false},"excerpt":{"rendered":"<p>Neste domingo (6\/10), durante o 1\u00ba turno das elei\u00e7\u00f5es municipais, pela primeira vez, defensores p\u00fablicos pernambucanos participam da Miss\u00e3o de Observa\u00e7\u00e3o Eleitoral (MOE\/TSE). A Associa\u00e7\u00e3o dos Defensores P\u00fablicos de Pernambuco (ADEPEPE) teve tr\u00eas representantes atuando, entre eles o presidente da institui\u00e7\u00e3o, Clodoaldo Battista. Tamb\u00e9m participaram a 2\u00aa vice-presidente, Cynthia Credidio, e o diretor jur\u00eddico, Pedro [&hellip;]<\/p>\n","protected":false},"author":8,"featured_media":5342,"comment_status":"open","ping_status":"open","sticky":false,"template":"","format":"standard","meta":{"footnotes":""},"categories":[5],"tags":[7],"class_list":["post-5341","post","type-post","status-publish","format-standard","has-post-thumbnail","hentry","category-noticias","tag-destaque"],"_links":{"self":[{"href":"https:\/\/adepepe.org\/site\/wp-json\/wp\/v2\/posts\/5341","targetHints":{"allow":["GET"]}}],"collection":[{"href":"https:\/\/adepepe.org\/site\/wp-json\/wp\/v2\/posts"}],"about":[{"href":"https:\/\/adepepe.org\/site\/wp-json\/wp\/v2\/types\/post"}],"author":[{"embeddable":true,"href":"https:\/\/adepepe.org\/site\/wp-json\/wp\/v2\/users\/8"}],"replies":[{"embeddable":true,"href":"https:\/\/adepepe.org\/site\/wp-json\/wp\/v2\/comments?post=5341"}],"version-history":[{"count":5,"href":"https:\/\/adepepe.org\/site\/wp-json\/wp\/v2\/posts\/5341\/revisions"}],"predecessor-version":[{"id":5347,"href":"https:\/\/adepepe.org\/site\/wp-json\/wp\/v2\/posts\/5341\/revisions\/5347"}],"wp:featuredmedia":[{"embeddable":true,"href":"https:\/\/adepepe.org\/site\/wp-json\/wp\/v2\/media\/5342"}],"wp:attachment":[{"href":"https:\/\/adepepe.org\/site\/wp-json\/wp\/v2\/media?parent=5341"}],"wp:term":[{"taxonomy":"category","embeddable":true,"href":"https:\/\/adepepe.org\/site\/wp-json\/wp\/v2\/categories?post=5341"},{"taxonomy":"post_tag","embeddable":true,"href":"https:\/\/adepepe.org\/site\/wp-json\/wp\/v2\/tags?post=5341"}],"curies":[{"name":"wp","href":"https:\/\/api.w.org\/{rel}","templated":true}]}}