{"id":587,"date":"2015-06-12T12:30:09","date_gmt":"2015-06-12T15:30:09","guid":{"rendered":"http:\/\/adepepe.com.br\/site\/?p=587"},"modified":"2016-10-25T17:05:42","modified_gmt":"2016-10-25T20:05:42","slug":"edital-de-convocacao","status":"publish","type":"post","link":"https:\/\/adepepe.org\/site\/edital-de-convocacao\/","title":{"rendered":"EDITAL DE CONVOCA\u00c7\u00c3O"},"content":{"rendered":"<p style=\"text-align: left;\">A \u00a0<strong>ADEPEPE<\/strong> convoca <strong>Assembl\u00e9ia Geral Extraordin\u00e1ria<\/strong> para a pr\u00f3xima quinta-feira <strong>dia 18 de junho<\/strong>, conforme Edital de Convoca\u00e7\u00e3o abaixo que se encontra disponibilizado por afixa\u00e7\u00e3o no seu Quadro de Avisos localizado na sua Sede, desde o dia 02 de junho p. passado.<\/p>\n<p style=\"text-align: left;\">Caro Associado. A sua presen\u00e7a \u00e9 muito importante para garantir que possamos atuar em seus interesses&#8230;<\/p>\n<p style=\"text-align: left;\">Clique no Edital ( imagem) \u00a0para ampliar!!!!<\/p>\n<p style=\"text-align: left;\"><a href=\"http:\/\/adepepe.com.br\/site\/wp-content\/uploads\/2015\/06\/Edital-02062015.jpeg\"><img loading=\"lazy\" decoding=\"async\" class=\"  wp-image-588 alignleft\" src=\"https:\/\/adepepe.com.br\/site\/wp-content\/uploads\/2015\/06\/Edital-02062015-320x320.jpeg\" alt=\"Edital 02062015\" width=\"351\" height=\"351\" \/><\/a><\/p>\n","protected":false},"excerpt":{"rendered":"<p>A \u00a0ADEPEPE convoca Assembl\u00e9ia Geral Extraordin\u00e1ria para a pr\u00f3xima quinta-feira dia 18 de junho, conforme Edital de Convoca\u00e7\u00e3o abaixo que se encontra disponibilizado por afixa\u00e7\u00e3o no seu Quadro de Avisos localizado na sua Sede, desde o dia 02 de junho p. passado. Caro Associado. A sua presen\u00e7a \u00e9 muito importante para garantir que possamos atuar [&hellip;]<\/p>\n","protected":false},"author":2,"featured_media":588,"comment_status":"open","ping_status":"open","sticky":false,"template":"","format":"standard","meta":{"footnotes":""},"categories":[5],"tags":[16],"class_list":["post-587","post","type-post","status-publish","format-standard","has-post-thumbnail","hentry","category-noticias","tag-adepepe"],"_links":{"self":[{"href":"https:\/\/adepepe.org\/site\/wp-json\/wp\/v2\/posts\/587","targetHints":{"allow":["GET"]}}],"collection":[{"href":"https:\/\/adepepe.org\/site\/wp-json\/wp\/v2\/posts"}],"about":[{"href":"https:\/\/adepepe.org\/site\/wp-json\/wp\/v2\/types\/post"}],"author":[{"embeddable":true,"href":"https:\/\/adepepe.org\/site\/wp-json\/wp\/v2\/users\/2"}],"replies":[{"embeddable":true,"href":"https:\/\/adepepe.org\/site\/wp-json\/wp\/v2\/comments?post=587"}],"version-history":[{"count":6,"href":"https:\/\/adepepe.org\/site\/wp-json\/wp\/v2\/posts\/587\/revisions"}],"predecessor-version":[{"id":594,"href":"https:\/\/adepepe.org\/site\/wp-json\/wp\/v2\/posts\/587\/revisions\/594"}],"wp:featuredmedia":[{"embeddable":true,"href":"https:\/\/adepepe.org\/site\/wp-json\/wp\/v2\/media\/588"}],"wp:attachment":[{"href":"https:\/\/adepepe.org\/site\/wp-json\/wp\/v2\/media?parent=587"}],"wp:term":[{"taxonomy":"category","embeddable":true,"href":"https:\/\/adepepe.org\/site\/wp-json\/wp\/v2\/categories?post=587"},{"taxonomy":"post_tag","embeddable":true,"href":"https:\/\/adepepe.org\/site\/wp-json\/wp\/v2\/tags?post=587"}],"curies":[{"name":"wp","href":"https:\/\/api.w.org\/{rel}","templated":true}]}}